{"id":16903,"date":"2011-03-27T00:00:00","date_gmt":"2011-03-27T03:00:00","guid":{"rendered":"https:\/\/www.cnbb.org.br\/encerrado-o-4o-encontro-de-jornalistas-das-dioceses-regionais-e-organismos-da-cnbb\/"},"modified":"2020-03-11T20:50:18","modified_gmt":"2020-03-11T23:50:18","slug":"encerrado-o-4o-encontro-de-jornalistas-das-dioceses-regionais-e-organismos-da-cnbb","status":"publish","type":"post","link":"https:\/\/www.cnbb.org.br\/encerrado-o-4o-encontro-de-jornalistas-das-dioceses-regionais-e-organismos-da-cnbb\/","title":{"rendered":"Encerrado o 4\u00ba Encontro de Jornalistas das Dioceses, Regionais e Organismos da CNBB"},"content":{"rendered":"<p style=\"text-align: justify\">Foi conclu\u00eddo ao meio-dia deste domingo, 27, na Casa de Retiros Assun\u00e7\u00e3o, em Bras\u00edlia, o 4\u00ba Encontro Nacional de Jornalistas das Dioceses, Regionais e Organismos da Confer\u00eancia Nacional dos Bispos do Brasil (CNBB) que reuniu 54 jornalistas de 10 estados e do Distrito Federal.<\/p>\n<p>  <!--more-->  <\/p>\n<p style=\"text-align: justify\">O secret\u00e1rio geral da CNBB, dom Dimas Lara Barbosa, presidiu a missa de encerramento no in\u00edcio da manh\u00e3. Logo ap\u00f3s, destacou aos participantes os investimentos em tecnologia da informa\u00e7\u00e3o que a Confer\u00eancia tem feito nos \u00faltimos quatro anos para o aprimoramento da comunica\u00e7\u00e3o na Igreja no Brasil. \u201cA CNBB tem se preocupado com a potencializa\u00e7\u00e3o da comunica\u00e7\u00e3o na Igreja, por isso fizemos v\u00e1rios investimentos em v\u00eddeo-confer\u00eancias, inform\u00e1tica e sistema de liga\u00e7\u00f5es pelo VoIP\u201d, disse o secret\u00e1rio.<\/p>\n<p style=\"text-align: justify\"><img decoding=\"async\" loading=\"lazy\" class=\" alignleft size-full wp-image-8963\" style=\"float: left\" alt=\"encontro_geral_final_jornalistas\" src=\"https:\/\/www.cnbb.org.br\/wp-content\/uploads\/2020\/03\/encontro_geral_final_jornalistas.jpg\" width=\"555\" height=\"369\" \/>Dom Dimas antecipou que, durante o \u00faltimo Conselho Permanente da CNBB, realizado nesta semana, foi aprovado o desmembramento do Setor de Comunica\u00e7\u00e3o Social, dos setores Educa\u00e7\u00e3o, Cultura e Ensino Religioso. A decis\u00e3o, por\u00e9m, ser\u00e1 submetida \u00e0 Assembleia Geral da Confer\u00eancia, que acontece no pr\u00f3ximo m\u00eas de maio. O secret\u00e1rio convocou ainda os jornalistas presentes no encontro para a import\u00e2ncia de anunciar o Evangelho aonde ainda a Igreja n\u00e3o conseguiu chegar. \u201cEvangelizar em novos are\u00f3pagos \u00e9 muito importante e n\u00f3s, como comunicadores, precisamos ter coragem e for\u00e7a de vontade para evangelizar ainda onde n\u00e3o foi poss\u00edvel\u201d,<\/p>\n<p style=\"text-align: justify\">A Igreja no Brasil e no mundo tem se preocupado em aprimorar a comunica\u00e7\u00e3o, segundo dom Dimas. Ele citou o trabalho que tem sido feito pelo presidente do Pontif\u00edcio Conselho para as Comunica\u00e7\u00f5es, dom Cl\u00e1udio Maria Celli na Santa S\u00e9 e o crescimento do n\u00famero de padres que hoje, \u00e9 maior no dom\u00ednio das t\u00e9cnicas de internet do que da televis\u00e3o.<\/p>\n<p style=\"text-align: justify\">O encontro foi encerrado com alguns encaminhamentos para o estreitamento das rela\u00e7\u00f5es entre assessoria de imprensa da CNBB e assessorias das dioceses, regionais e organismos.<\/p>\n<p style=\"text-align: justify\">A data do pr\u00f3ximo encontro ser\u00e1 agendada ao longo de 2011.<\/p>\n<p style=\"text-align: justify\"><strong>Confer\u00eancias<\/strong><\/p>\n<p style=\"text-align: justify\"><img decoding=\"async\" loading=\"lazy\" class=\" alignleft size-full wp-image-8964\" style=\"float: left\" alt=\"finalplenario_encontrojornalistas\" src=\"https:\/\/www.cnbb.org.br\/wp-content\/uploads\/2020\/03\/finalplenario_encontrojornalistas.jpg\" width=\"295\" height=\"185\" \/>\u201cVoc\u00ea comunica aquilo que voc\u00ea \u00e9. Autenticidade deve ser a arma do comunicador na era digital. Voc\u00ea informa e partilha qualquer coisa, mas tudo vale?\u201d, questionou durante sua confer\u00eancia, na sexta-feira, 25, o subsecret\u00e1rio adjunto da CNBB, padre Ant\u00f4nio Silva da Paix\u00e3o [padre Nequinho] sobre os crit\u00e9rios de veicula\u00e7\u00e3o de informa\u00e7\u00f5es. Ele comentou a Mensagem do Papa Bento XVI para o 45\u00ba Dia Mundial das Comunica\u00e7\u00f5es, cujo tema \u00e9 \u201cVerdade, an\u00fancio e autenticidade na era digital\u201d.<\/p>\n<p style=\"text-align: justify\">\u201cSe seu site foi mais acessado do que todos, significa que voc\u00ea \u00e9 mais verdadeiro?\u201d, disse padre Nequinho lembrando a Mensagem do Papa. \u201cO valor da verdade n\u00e3o pode ser medido pela atra\u00e7\u00e3o que ela tem, nem pela popularidade. Se popularidade fosse crit\u00e9rio de validade, Jesus n\u00e3o teria sido tra\u00eddo\u201d, completou o pensamento. Padre Nequinho fez sua exposi\u00e7\u00e3o na noite de sexta-feira, 25.<\/p>\n<p style=\"text-align: justify\">No s\u00e1bado, 26, as confer\u00eancias da manh\u00e3 foram ministradas pelo professor da Universidade Cat\u00f3lica de Bras\u00edlia (UCB), Jo\u00e3o Jos\u00e9 Curvello e pela jornalista da Globo News, Cristiana L\u00f4bo. \u201c\u201c\u00c9 preciso elaborar estrat\u00e9gias de comunica\u00e7\u00e3o para agregar valor \u00e0s informa\u00e7\u00f5es da institui\u00e7\u00e3o. A comunica\u00e7\u00e3o nesse contexto \u00e9 fundamental na constru\u00e7\u00e3o do sentido na sociedade e nos ambientes organizacionais, considerando os valores agregados\u201d, afirmou Curvelo que foi respons\u00e1vel pelo tema \u201cDesafios e Conflitos do Jornalismo Institucional\u201d.<\/p>\n<p style=\"text-align: justify\">O professor chamou ainda a aten\u00e7\u00e3o para a import\u00e2ncia de se efetivar uma comunica\u00e7\u00e3o que fale a \u201cl\u00edngua\u201d da comunidade para que possa ser entendida. Destacou a preocupa\u00e7\u00e3o que o assessor de imprensa deve cultivar de colher desempenho, n\u00edvel da efetividade e alcance da informa\u00e7\u00e3o que se estabelece. \u201cA maneira como uma organiza\u00e7\u00e3o conversa, condiciona as possibilidades de desempenho, sua viabilidade, seu \u00eaxito ou seu fracasso, que dependem de como se conduz a comunica\u00e7\u00e3o\u201d.<\/p>\n<p style=\"text-align: justify\">J\u00e1 a jornalista Cristiana L\u00f4bo, tratou do tema \u201cO relacionamento com a imprensa em situa\u00e7\u00f5es de crise institucional e pol\u00edtica\u201d. A jornalista aconselhou os assessores de imprensa a observarem os acontecimentos em todos os n\u00edveis sociais e espaciais para que uma crise n\u00e3o venha a pegar a organiza\u00e7\u00e3o assessorada de surpresa. \u201cVamos observar o que acontece no mundo para que possamos resolver a crise local que tamb\u00e9m pode ser uma crise mundial. N\u00e3o podemos ser pegos de surpresa com uma crise que estourou longe e chegou ao n\u00edvel local\u201d, alertou.<\/p>\n<p style=\"text-align: justify\"><strong>M\u00eddia Training<\/strong><\/p>\n<p style=\"text-align: justify\"><img decoding=\"async\" loading=\"lazy\" class=\" alignright size-full wp-image-8958\" style=\"float: right\" alt=\"encontronjornalistascnbb\" src=\"https:\/\/www.cnbb.org.br\/wp-content\/uploads\/2020\/03\/encontronjornalistascnbb.jpg\" width=\"555\" height=\"369\" \/>O per\u00edodo da tarde deste s\u00e1bado, 26, teve a assessoria do professor da Pontif\u00edcia Universidade Cat\u00f3lica de Minas Gerais (PUC &#8211; Minas) Mozahir Salom\u00e3o, e do jornalista da TV Senado, Ronaldo Martins, sobre \u201cM\u00eddia Training &#8211; Estrat\u00e9gia de Qualifica\u00e7\u00e3o de Porta-Vozes\u201d. Os expositores deram dicas para os assessores desenvolver seus trabalhos nas bases, bem como exemplos para a resolu\u00e7\u00e3o de crises institucionais. \u201cEm situa\u00e7\u00f5es de crise \u00e9 preciso buscar alternativas para encerrar o assunto e a crise. Precisamos como assessores, buscar solu\u00e7\u00f5es corretas apresentando a verdade dos fatos\u201d, deu in\u00edcio \u00e0 sua fala, o jornalista Ronaldo Martins.<\/p>\n<p style=\"text-align: justify\">Martins alertou para o cuidado que o assessor de imprensa, em organiza\u00e7\u00f5es, deve resguardar, quando est\u00e1 diante do jornalista e a fonte. \u201cDevemos ter claro o que deseja o rep\u00f3rter no momento em que voc\u00ea apresenta a ele a fonte. Entrevista ou informa\u00e7\u00e3o? Porque \u00e0s vezes sua fonte est\u00e1 sendo entrevistada sem que voc\u00ea saiba e os problemas podem vir depois\u201d, alertou.<\/p>\n<p style=\"text-align: justify\">Ele chamou de \u201cembate\u201d o processo de produ\u00e7\u00e3o de uma reportagem quando o jornalista solicita uma fonte da assessoria de imprensa. \u201cEntrevista \u00e9 um embate porque o jornalista n\u00e3o est\u00e1 ali s\u00f3 para ouvir o que voc\u00ea tem a falar. Ele quer de antem\u00e3o transformar a not\u00edcia num produto vend\u00e1vel, atraente\u201d.De acordo com ele, \u201co jornalista pensa em transformar o discurso do entrevistado em material que as pessoas estejam dispostas a pagar\u201d, explicou.<\/p>\n<p style=\"text-align: justify\">O professor da PUC \u2013 Minas, Mozahir Salom\u00e3o, tamb\u00e9m refletiu com os participantes do encontro o conceito de not\u00edcia; as rotinas produtivas no jornalismo e a natureza do trabalho do jornalista. \u201cJornalismo \u00e9 um ato c\u00eanico. Quando as c\u00e2meras s\u00e3o ligadas, o p\u00fablico sabe o que \u00e9 para ser feito; reage de acordo com aquilo que o jornalista e a imprensa, esperam dele\u201d, disse.<\/p>\n<p style=\"text-align: justify\">Ainda segundo Mozahir, a \u201cm\u00eddia opera por narrativas m\u00edsticas; as pessoas d\u00e3o aten\u00e7\u00e3o \u00e0 imprensa porque os discursos dizem respeito ao dia a dia e \u00e0s representa\u00e7\u00f5es do cotidiano\u201d, concluiu.<\/p>\n<p style=\"text-align: justify\"><em><strong>Veja fotos do encontro no<\/strong><\/em> <a title=\"flickr\" href=\"http:\/\/www.flickr.com\/photos\/cnbbnacional\/collections\/72157626355399982\/\" target=\"_blank\" rel=\"noopener\"><span style=\"font-size: 14pt\"><strong><span style=\"color: #0000ff\">Flick<\/span><span style=\"color: #ff0000\">r <\/span><\/strong><\/span><\/a><\/p>\n<p style=\"text-align: justify\"><a title=\"arquivos\" href=\"component\/docman\/cat_view\/410-iv-encontro-de-jornalistas-das-dioceses-regionais-e-organismos-da-cnbb\"><strong><em>Baixe os arquivos do Encontro aqui<\/em><\/strong><\/a><a title=\"link\" href=\"component\/docman\/cat_view\/410-iv-encontro-de-jornalistas-das-dioceses-regionais-e-organismos-da-cnbb\"><br \/><\/a><\/p>\n","protected":false},"excerpt":{"rendered":"<p>Foi conclu\u00eddo ao meio-dia deste domingo, 27, na Casa de Retiros Assun\u00e7\u00e3o, em Bras\u00edlia, o 4\u00ba Encontro Nacional de Jornalistas das Dioceses, Regionais e Organismos da Confer\u00eancia Nacional dos Bispos do Brasil (CNBB) que reuniu 54 jornalistas de 10 estados e do Distrito Federal.<\/p>\n","protected":false},"author":83,"featured_media":16904,"comment_status":"open","ping_status":"open","sticky":false,"template":"","format":"standard","meta":{"site-sidebar-layout":"default","site-content-layout":"default","ast-global-header-display":"","ast-banner-title-visibility":"","ast-main-header-display":"","ast-hfb-above-header-display":"","ast-hfb-below-header-display":"","ast-hfb-mobile-header-display":"","site-post-title":"","ast-breadcrumbs-content":"","ast-featured-img":"","footer-sml-layout":"","theme-transparent-header-meta":"","adv-header-id-meta":"","stick-header-meta":"","header-above-stick-meta":"","header-main-stick-meta":"","header-below-stick-meta":""},"categories":[848,841],"tags":[],"acf":[],"_links":{"self":[{"href":"https:\/\/www.cnbb.org.br\/cnbb-app\/wp\/v2\/posts\/16903"}],"collection":[{"href":"https:\/\/www.cnbb.org.br\/cnbb-app\/wp\/v2\/posts"}],"about":[{"href":"https:\/\/www.cnbb.org.br\/cnbb-app\/wp\/v2\/types\/post"}],"author":[{"embeddable":true,"href":"https:\/\/www.cnbb.org.br\/cnbb-app\/wp\/v2\/users\/83"}],"replies":[{"embeddable":true,"href":"https:\/\/www.cnbb.org.br\/cnbb-app\/wp\/v2\/comments?post=16903"}],"version-history":[{"count":0,"href":"https:\/\/www.cnbb.org.br\/cnbb-app\/wp\/v2\/posts\/16903\/revisions"}],"wp:featuredmedia":[{"embeddable":true,"href":"https:\/\/www.cnbb.org.br\/cnbb-app\/wp\/v2\/media\/16904"}],"wp:attachment":[{"href":"https:\/\/www.cnbb.org.br\/cnbb-app\/wp\/v2\/media?parent=16903"}],"wp:term":[{"taxonomy":"category","embeddable":true,"href":"https:\/\/www.cnbb.org.br\/cnbb-app\/wp\/v2\/categories?post=16903"},{"taxonomy":"post_tag","embeddable":true,"href":"https:\/\/www.cnbb.org.br\/cnbb-app\/wp\/v2\/tags?post=16903"}],"curies":[{"name":"wp","href":"https:\/\/api.w.org\/{rel}","templated":true}]}}