{"id":16909,"date":"2011-03-28T00:00:00","date_gmt":"2011-03-28T03:00:00","guid":{"rendered":"https:\/\/www.cnbb.org.br\/forum-das-pastorais-sociais-se-reune-em-sao-paulo-1\/"},"modified":"2020-03-11T20:50:17","modified_gmt":"2020-03-11T23:50:17","slug":"forum-das-pastorais-sociais-se-reune-em-sao-paulo-1","status":"publish","type":"post","link":"https:\/\/www.cnbb.org.br\/forum-das-pastorais-sociais-se-reune-em-sao-paulo-1\/","title":{"rendered":"F\u00f3rum das Pastorais Sociais se re\u00fane em S\u00e3o Paulo"},"content":{"rendered":"<p style=\"text-align: justify\">Com representatividade de diversas pastorais, organismos e entidades, entre elas a CNBB; Pastoral da Crian\u00e7a; Pastoral Oper\u00e1ria; Assembleia Popular; Servi\u00e7o Pastoral do Migrante; Grito dos Exclu\u00eddos; Pastoral do Menor; Comiss\u00e3o Regional de Di\u00e1conos e Conselhos de Leigos, o Regional Sul 1 da CNBB (S\u00e3o Paulo), atrav\u00e9s do F\u00f3rum das Pastorais Sociais, realizou hoje no dia 23 uma reuni\u00e3o entre agentes e representantes das pastorais, organismos, movimentos e entidades.<\/p>\n<p>  <!--more-->  <\/p>\n<p style=\"text-align: justify\">Durante a reuni\u00e3o foi amplamente debatido o Encontro Nacional das Pastorais Sociais que aconteceu entre os dias 17 e 18, no Mosteiro de S\u00e3o Bento, em Bras\u00edlia. Ary Alberti, do Servi\u00e7o Pastoral dos Migrantes e Concei\u00e7\u00e3o de Souza, da Pastoral Oper\u00e1ria apresentaram ao F\u00f3rum alguns temas discutidos durante este encontro, como o Fundo Nacional de Solidariedade; 5\u00aa. Semana Social Brasileira e Campanha da Fraternidade deste ano.<\/p>\n<p style=\"text-align: justify\">De acordo com o bispo da diocese de Santos (SP) e presidente da Comiss\u00e3o Episcopal Pastoral para o Servi\u00e7o da Caridade, Justi\u00e7a e Paz do Regional Sul 1, dom Jacyr Francisco Braido, a reuni\u00e3o teve como finalidade debater\u00a0 as a\u00e7\u00f5es e projetos adotados pelas Pastorais Sociais em \u00e2mbito nacional. Por sua vez, o bispo elogiou a presen\u00e7a de todos e pediu que cada trabalho pastoral possa ajudar na edifica\u00e7\u00e3o do Reino de Deus, nas coisas mais pr\u00e1ticas e concretas.<\/p>\n<p style=\"text-align: justify\">Outro assunto importante tratado na reuni\u00e3o foi a prepara\u00e7\u00e3o do Encontro Regional das Pastorais Sociais, marcado para os dias 1 a 3 de julho, no Centro de Pastoral Santa F\u00e9, em S\u00e3o Paulo.<\/p>\n<p style=\"text-align: justify\">F\u00f3rum das Pastorais Sociais \u2013 Como surgiu: O f\u00f3rum das pastorais sociais foi criado em 2004. Tem suas ra\u00edzes nos Semin\u00e1rios Regionais das Pastorais Sociais. Na ocasi\u00e3o, ficou clara a preocupa\u00e7\u00e3o em criar novos espa\u00e7os de debates onde todas as pastorais sociais sejam representadas em espa\u00e7os como Assembleia Popular e Semanas Sociais Brasileiras.<\/p>\n","protected":false},"excerpt":{"rendered":"<p>Com representatividade de diversas pastorais, organismos e entidades, entre elas a CNBB; Pastoral da Crian\u00e7a; Pastoral Oper\u00e1ria; Assembleia Popular; Servi\u00e7o Pastoral do Migrante; Grito dos Exclu\u00eddos; Pastoral do Menor; Comiss\u00e3o Regional de Di\u00e1conos e Conselhos de Leigos, o Regional Sul 1 da CNBB (S\u00e3o Paulo), atrav\u00e9s do F\u00f3rum das Pastorais Sociais, realizou hoje no dia &hellip;<\/p>\n<p class=\"read-more\"> <a class=\"\" href=\"https:\/\/www.cnbb.org.br\/forum-das-pastorais-sociais-se-reune-em-sao-paulo-1\/\"> <span class=\"screen-reader-text\">F\u00f3rum das Pastorais Sociais se re\u00fane em S\u00e3o Paulo<\/span> Leia mais &raquo;<\/a><\/p>\n","protected":false},"author":83,"featured_media":16910,"comment_status":"open","ping_status":"open","sticky":false,"template":"","format":"standard","meta":{"site-sidebar-layout":"default","site-content-layout":"default","ast-global-header-display":"","ast-banner-title-visibility":"","ast-main-header-display":"","ast-hfb-above-header-display":"","ast-hfb-below-header-display":"","ast-hfb-mobile-header-display":"","site-post-title":"","ast-breadcrumbs-content":"","ast-featured-img":"","footer-sml-layout":"","theme-transparent-header-meta":"","adv-header-id-meta":"","stick-header-meta":"","header-above-stick-meta":"","header-main-stick-meta":"","header-below-stick-meta":""},"categories":[848,841],"tags":[],"acf":[],"_links":{"self":[{"href":"https:\/\/www.cnbb.org.br\/cnbb-app\/wp\/v2\/posts\/16909"}],"collection":[{"href":"https:\/\/www.cnbb.org.br\/cnbb-app\/wp\/v2\/posts"}],"about":[{"href":"https:\/\/www.cnbb.org.br\/cnbb-app\/wp\/v2\/types\/post"}],"author":[{"embeddable":true,"href":"https:\/\/www.cnbb.org.br\/cnbb-app\/wp\/v2\/users\/83"}],"replies":[{"embeddable":true,"href":"https:\/\/www.cnbb.org.br\/cnbb-app\/wp\/v2\/comments?post=16909"}],"version-history":[{"count":0,"href":"https:\/\/www.cnbb.org.br\/cnbb-app\/wp\/v2\/posts\/16909\/revisions"}],"wp:featuredmedia":[{"embeddable":true,"href":"https:\/\/www.cnbb.org.br\/cnbb-app\/wp\/v2\/media\/16910"}],"wp:attachment":[{"href":"https:\/\/www.cnbb.org.br\/cnbb-app\/wp\/v2\/media?parent=16909"}],"wp:term":[{"taxonomy":"category","embeddable":true,"href":"https:\/\/www.cnbb.org.br\/cnbb-app\/wp\/v2\/categories?post=16909"},{"taxonomy":"post_tag","embeddable":true,"href":"https:\/\/www.cnbb.org.br\/cnbb-app\/wp\/v2\/tags?post=16909"}],"curies":[{"name":"wp","href":"https:\/\/api.w.org\/{rel}","templated":true}]}}