{"id":16925,"date":"2012-01-05T00:00:00","date_gmt":"2012-01-05T02:00:00","guid":{"rendered":"https:\/\/www.cnbb.org.br\/seminario-em-crato-e-um-dos-preparativos-para-o-13o-intereclesial\/"},"modified":"2020-03-11T20:50:16","modified_gmt":"2020-03-11T23:50:16","slug":"seminario-em-crato-e-um-dos-preparativos-para-o-13o-intereclesial","status":"publish","type":"post","link":"https:\/\/www.cnbb.org.br\/seminario-em-crato-e-um-dos-preparativos-para-o-13o-intereclesial\/","title":{"rendered":"Semin\u00e1rio em Crato \u00e9 um dos preparativos para o 13\u00ba Intereclesial"},"content":{"rendered":"<p style=\"text-align: justify\">Realiza-se no final de janeiro, na cidade cearense de Crato, o Semin\u00e1rio Nacional das Comunidades Eclesiais de Base (CEB\u2019s), em prepara\u00e7\u00e3o ao 13\u00ba Intereclesial, que acontecer\u00e1 na nesta mesma cidade, em 2014.<\/p>\n<p>  <!--more-->  <\/p>\n<p style=\"text-align: justify\">O Semin\u00e1rio tem como objetivo aprofundar o tema &#8220;Justi\u00e7a e profecia a servi\u00e7o da vida&#8221;, e o lema &#8220;CEB\u2019s, romeiras do Reino no campo e na cidade&#8221;. Participam deste evento, representantes dos 17 Regionais da Confer\u00eancia Nacional dos Bispos do Brasil (CNBB), num total de 120 pessoas.<\/p>\n<p style=\"text-align: justify\">De 23 a 26 de janeiro, os delegados t\u00eam a incumb\u00eancia de preparar os Regionais na caminhada romeira das CEB\u2019s rumo ao 13\u00ba Intereclesial, discutindo as quest\u00f5es pertinentes que exigem uma atitude prof\u00e9tica, justa e sustent\u00e1vel das comunidades de base no campo e na cidade. Os assessores deste Semin\u00e1rio tamb\u00e9m devem contribuir com a assessoria do 13\u00ba Intereclesial.<\/p>\n<p style=\"text-align: justify\">Na abertura, o bispo de Crato, dom Fernando Panico, far\u00e1 uma palestra sobre &#8220;Igreja Romeira e Mission\u00e1ria do Reino&#8221;. Entre os temas em debate, est\u00e3o: a reforma agr\u00e1ria, a transposi\u00e7\u00e3o do Rio S\u00e3o Francisco, mudan\u00e7as clim\u00e1ticas e o catolicismo popular.<\/p>\n<p style=\"text-align: justify\">Segundo a Coordena\u00e7\u00e3o do Intereclesial, este ano \u00e9 o &#8220;Ano do Aprofundamento&#8221;.<\/p>\n","protected":false},"excerpt":{"rendered":"<p>Realiza-se no final de janeiro, na cidade cearense de Crato, o Semin\u00e1rio Nacional das Comunidades Eclesiais de Base (CEB\u2019s), em prepara\u00e7\u00e3o ao 13\u00ba Intereclesial, que acontecer\u00e1 na nesta mesma cidade, em 2014.<\/p>\n","protected":false},"author":83,"featured_media":16926,"comment_status":"open","ping_status":"open","sticky":false,"template":"","format":"standard","meta":{"site-sidebar-layout":"default","site-content-layout":"default","ast-global-header-display":"","ast-banner-title-visibility":"","ast-main-header-display":"","ast-hfb-above-header-display":"","ast-hfb-below-header-display":"","ast-hfb-mobile-header-display":"","site-post-title":"","ast-breadcrumbs-content":"","ast-featured-img":"","footer-sml-layout":"","theme-transparent-header-meta":"","adv-header-id-meta":"","stick-header-meta":"","header-above-stick-meta":"","header-main-stick-meta":"","header-below-stick-meta":""},"categories":[848,841],"tags":[],"acf":[],"_links":{"self":[{"href":"https:\/\/www.cnbb.org.br\/cnbb-app\/wp\/v2\/posts\/16925"}],"collection":[{"href":"https:\/\/www.cnbb.org.br\/cnbb-app\/wp\/v2\/posts"}],"about":[{"href":"https:\/\/www.cnbb.org.br\/cnbb-app\/wp\/v2\/types\/post"}],"author":[{"embeddable":true,"href":"https:\/\/www.cnbb.org.br\/cnbb-app\/wp\/v2\/users\/83"}],"replies":[{"embeddable":true,"href":"https:\/\/www.cnbb.org.br\/cnbb-app\/wp\/v2\/comments?post=16925"}],"version-history":[{"count":0,"href":"https:\/\/www.cnbb.org.br\/cnbb-app\/wp\/v2\/posts\/16925\/revisions"}],"wp:featuredmedia":[{"embeddable":true,"href":"https:\/\/www.cnbb.org.br\/cnbb-app\/wp\/v2\/media\/16926"}],"wp:attachment":[{"href":"https:\/\/www.cnbb.org.br\/cnbb-app\/wp\/v2\/media?parent=16925"}],"wp:term":[{"taxonomy":"category","embeddable":true,"href":"https:\/\/www.cnbb.org.br\/cnbb-app\/wp\/v2\/categories?post=16925"},{"taxonomy":"post_tag","embeddable":true,"href":"https:\/\/www.cnbb.org.br\/cnbb-app\/wp\/v2\/tags?post=16925"}],"curies":[{"name":"wp","href":"https:\/\/api.w.org\/{rel}","templated":true}]}}