{"id":16929,"date":"2012-02-29T00:00:00","date_gmt":"2012-02-29T03:00:00","guid":{"rendered":"https:\/\/www.cnbb.org.br\/fique-atento-para-o-5o-encontro-com-os-jornalistas-das-dioceses-regionais-e-organismos-da-cnbb\/"},"modified":"2020-03-11T20:50:15","modified_gmt":"2020-03-11T23:50:15","slug":"fique-atento-para-o-5o-encontro-com-os-jornalistas-das-dioceses-regionais-e-organismos-da-cnbb","status":"publish","type":"post","link":"https:\/\/www.cnbb.org.br\/fique-atento-para-o-5o-encontro-com-os-jornalistas-das-dioceses-regionais-e-organismos-da-cnbb\/","title":{"rendered":"Fique atento para o 5\u00ba Encontro com os Jornalistas das Dioceses, Regionais e Organismos da CNBB"},"content":{"rendered":"<p style=\"text-align: justify\">A Assessoria de Imprensa da Confer\u00eancia Nacional dos Bispos do Brasil (CNBB) realizar\u00e1 nos dias 23 a 25 de mar\u00e7o de 2012, em Bras\u00edlia, o 5\u00ba Encontro com os Jornalistas das Dioceses, Regionais e Organismos da CNBB. \u201cGostar\u00edamos muito de ter a participa\u00e7\u00e3o do jornalista ou colaborador de sua diocese\u201d, afirmou o organizador do encontro e assessor de imprensa da CNBB, padre Rafael Vieira, em convite enviado aos bispos de todo o pa\u00eds.<\/p>\n<p>  <!--more-->  <\/p>\n<p style=\"text-align: justify\">O encontro pretende contar com pessoas que trabalham em r\u00e1dios, TVs e jornais ligados \u00e0s par\u00f3quias, dioceses e congrega\u00e7\u00f5es, mesmo que n\u00e3o sejam formados em Jornalismo, mas que atuem nesta \u00e1rea.<\/p>\n<p style=\"text-align: justify\">\u201cNosso objetivo \u00e9 partilhar o trabalho das assessorias de imprensa feito nas dioceses, nos Regionais e Organismos da CNBB, al\u00e9m de fortalecer os la\u00e7os entre os que trabalham nestas inst\u00e2ncias e nos ve\u00edculos de comunica\u00e7\u00e3o da Igreja\u201d, completou padre Rafael.<\/p>\n<p style=\"text-align: justify\">O encontro deste ano debater\u00e1 a constru\u00e7\u00e3o de uma rede de correspondentes, e ter\u00e1 como tema: \u201cJornalismo em Rede: um desafio para a Igreja\u201d. O tema mostra a necessidade de desenvolver um sistema de correspondentes, espalhados pelo pa\u00eds, produzindo not\u00edcias para veicula\u00e7\u00e3o nacional, no site e boletins da CNBB.<\/p>\n<p style=\"text-align: justify\">Um dos palestrantes ser\u00e1 o jornalista da Globo News, Sidney Rezende, um dos fundadores da Central Brasileira de Not\u00edcias (CBN) e primeiro editor-executivo desta r\u00e1dio. O segundo palestrante convidado \u00e9 o jornalista, professor de Web Jornalismo e Consultor de Comunica\u00e7\u00e3o em tempo integral, Ant\u00f4nio Danin J\u00fanior.<\/p>\n<p style=\"text-align: justify\">Al\u00e9m das palestras, mesas redondas, o encontro inclui uma parte cultural, que \u00e9 o passeio tur\u00edstico por Bras\u00edlia (DF), mostrando todo o lado pol\u00edtico da Capital Federal, como a Explanada dos Minist\u00e9rios; o Pal\u00e1cio do Planalto; Itamaraty; Supremo Tribunal Federal, como tamb\u00e9m a Torre de TV.<\/p>\n<p style=\"text-align: justify\">Reiteramos a necessidade de observar alguns requisitos para a participa\u00e7\u00e3o do encontro. A pessoa deve atuar diretamente na Diocese, no Regional ou Organismo Vinculado \u00e0 CNBB, ou em r\u00e1dio, TV e jornal de propriedade da Igreja ou de alguma Congrega\u00e7\u00e3o Religiosa, indicando o servi\u00e7o que presta: assessoria de imprensa, assessoria de comunica\u00e7\u00e3o; editor de jornal, produtor, etc;<\/p>\n<p style=\"text-align: justify\">As despesas de passagem e hospedagem correr\u00e3o por conta do participante ou de quem o envia (Diocese, Regional ou Organismo). O valor da di\u00e1ria completa (com caf\u00e9 da manh\u00e3, lanches, refei\u00e7\u00f5es e pernoite), fica em 85 reais, com do pagamento direto no local do encontro: Casa de Retiros Assun\u00e7\u00e3o, que fica na L2 Norte, Quadra 611, Bras\u00edlia (DF), tel.: (61) 3274-5336 \/ 3272-3526).<\/p>\n<p style=\"text-align: justify\">A ficha de inscri\u00e7\u00e3o, que segue abaixo em download, dever\u00e1 ser enviada por fax ou e-mail aos cuidados de Janiery Alves \u2013 E-mail: imprensa5@cnbb.org.br &#8211; Fax (61) 2103-8303.<\/p>\n<p style=\"text-align: justify\">O encontro ter\u00e1 in\u00edcio \u00e0s 18h do dia 23\/03 e t\u00e9rmino \u00e0s 12h do dia 25\/03, e as vagas s\u00e3o limitadas.<\/p>\n<p style=\"text-align: justify\"><a href=\"http:\/\/cnbbjoomla.sitesparresia.com\/wp-content\/uploads\/sites\/85\/2012\/02\/Ficha_de_inscrio1.doc\" target=\"_blank\" rel=\"noopener\">Fa\u00e7a o donwload aqui da ficha de incri\u00e7\u00e3o.<\/a><\/p>\n","protected":false},"excerpt":{"rendered":"<p>A Assessoria de Imprensa da Confer\u00eancia Nacional dos Bispos do Brasil (CNBB) realizar\u00e1 nos dias 23 a 25 de mar\u00e7o de 2012, em Bras\u00edlia, o 5\u00ba Encontro com os Jornalistas das Dioceses, Regionais e Organismos da CNBB. \u201cGostar\u00edamos muito de ter a participa\u00e7\u00e3o do jornalista ou colaborador de sua diocese\u201d, afirmou o organizador do encontro &hellip;<\/p>\n<p class=\"read-more\"> <a class=\"\" href=\"https:\/\/www.cnbb.org.br\/fique-atento-para-o-5o-encontro-com-os-jornalistas-das-dioceses-regionais-e-organismos-da-cnbb\/\"> <span class=\"screen-reader-text\">Fique atento para o 5\u00ba Encontro com os Jornalistas das Dioceses, Regionais e Organismos da CNBB<\/span> Leia mais &raquo;<\/a><\/p>\n","protected":false},"author":83,"featured_media":16930,"comment_status":"open","ping_status":"open","sticky":false,"template":"","format":"standard","meta":{"site-sidebar-layout":"default","site-content-layout":"default","ast-global-header-display":"","ast-banner-title-visibility":"","ast-main-header-display":"","ast-hfb-above-header-display":"","ast-hfb-below-header-display":"","ast-hfb-mobile-header-display":"","site-post-title":"","ast-breadcrumbs-content":"","ast-featured-img":"","footer-sml-layout":"","theme-transparent-header-meta":"","adv-header-id-meta":"","stick-header-meta":"","header-above-stick-meta":"","header-main-stick-meta":"","header-below-stick-meta":""},"categories":[848,841],"tags":[],"acf":[],"_links":{"self":[{"href":"https:\/\/www.cnbb.org.br\/cnbb-app\/wp\/v2\/posts\/16929"}],"collection":[{"href":"https:\/\/www.cnbb.org.br\/cnbb-app\/wp\/v2\/posts"}],"about":[{"href":"https:\/\/www.cnbb.org.br\/cnbb-app\/wp\/v2\/types\/post"}],"author":[{"embeddable":true,"href":"https:\/\/www.cnbb.org.br\/cnbb-app\/wp\/v2\/users\/83"}],"replies":[{"embeddable":true,"href":"https:\/\/www.cnbb.org.br\/cnbb-app\/wp\/v2\/comments?post=16929"}],"version-history":[{"count":0,"href":"https:\/\/www.cnbb.org.br\/cnbb-app\/wp\/v2\/posts\/16929\/revisions"}],"wp:featuredmedia":[{"embeddable":true,"href":"https:\/\/www.cnbb.org.br\/cnbb-app\/wp\/v2\/media\/16930"}],"wp:attachment":[{"href":"https:\/\/www.cnbb.org.br\/cnbb-app\/wp\/v2\/media?parent=16929"}],"wp:term":[{"taxonomy":"category","embeddable":true,"href":"https:\/\/www.cnbb.org.br\/cnbb-app\/wp\/v2\/categories?post=16929"},{"taxonomy":"post_tag","embeddable":true,"href":"https:\/\/www.cnbb.org.br\/cnbb-app\/wp\/v2\/tags?post=16929"}],"curies":[{"name":"wp","href":"https:\/\/api.w.org\/{rel}","templated":true}]}}