{"id":16940,"date":"2014-02-13T00:00:00","date_gmt":"2014-02-13T02:00:00","guid":{"rendered":"https:\/\/www.cnbb.org.br\/em-carta-sacerdotes-brasileiros-concluem-15-encontro-nacional\/"},"modified":"2020-03-11T20:50:14","modified_gmt":"2020-03-11T23:50:14","slug":"em-carta-sacerdotes-brasileiros-concluem-15-encontro-nacional","status":"publish","type":"post","link":"https:\/\/www.cnbb.org.br\/em-carta-sacerdotes-brasileiros-concluem-15-encontro-nacional\/","title":{"rendered":"Sacerdotes brasileiros concluem 15\u00ba Encontro Nacional"},"content":{"rendered":"<p style=\"text-align: justify\">As celebra\u00e7\u00f5es dos 50 anos da realiza\u00e7\u00e3o do Conc\u00edlio Vaticano II motivaram as reflex\u00f5es sobre a vida e miss\u00e3o do sacerdote no contexto atual, durante o 15\u00ba Encontro Nacional de Presb\u00edteros. O evento reuniu, de 05 a 11 de fevereiro, em Aparecida (SP), 531 padres, bispos e representantes das dioceses. Assessores convidados colaboraram no estudo do tema proposto para este ano \u201cConc\u00edlio Vaticano II e os Presb\u00edteros no Brasil: testemunhas de f\u00e9, esperan\u00e7a e caridade\u201d.<\/p>\n<p><!--more--><\/p>\n<p style=\"text-align: justify\"><span style=\"line-height: 1.3em\">O encontro foi promovido pela Comiss\u00e3o Nacional dos Presb\u00edteros (CNP) e pela Comiss\u00e3o Episcopal Pastoral para os Minist\u00e9rios Ordenados e a Vida Consagrada da CNBB.<\/span><\/p>\n<p style=\"text-align: justify\"><span style=\"line-height: 1.3em\">Na oportunidade, os participantes recordaram os ensinamentos do papa Francisco e suas atitudes de esperan\u00e7a no pastoreio da Igreja. \u201cHoje, somos tamb\u00e9m instigados pelas palavras e atitudes do papa Francisco que tem chamado a aten\u00e7\u00e3o de todos pela sua forma normal de ser pastor e profeta no meio do povo, inspirando-nos nas nossas condutas e no exerc\u00edcio de nosso minist\u00e9rio presbiteral, como disc\u00edpulos mission\u00e1rios do Reino do Pai\u201d, disseram.<\/span><\/p>\n<p style=\"text-align: justify\"><span style=\"line-height: 1.3em\">Em carta conclusiva, os presb\u00edteros reafirmaram o compromisso de levar para suas par\u00f3quias a esperan\u00e7a do encontro, sob a prote\u00e7\u00e3o de Nossa Senhora Aparecida. \u201cVoltamos \u00e0s nossas Igrejas Particulares, aos nossos presbit\u00e9rios, \u00e0s nossas comunidades eclesiais, certos da sua b\u00ean\u00e7\u00e3o maternal para nossa vida e minist\u00e9rio presbiteral, onde nos comprometemos a ser testemunhas das virtudes teologais e dar raz\u00e3o da esperan\u00e7a a quem a pedir\u201d, manifestaram os participantes.<\/span><\/p>\n<p style=\"text-align: justify\"><span style=\"line-height: 1.3em\">Confira a \u00edntegra da carta.<\/span><\/p>\n<p style=\"text-align: center\" align=\"center\"><strong style=\"line-height: 1.3em\">CARTA DO 15\u00ba ENCONTRO NACIONAL DE PRESB\u00cdTEROS<\/strong><\/p>\n<p style=\"text-align: justify\" align=\"right\"><strong>\u00a0<\/strong><strong style=\"line-height: 1.3em\">\u201cN\u00e3o deixeis que vos roubem a esperan\u00e7a\u201d (EG 86)<\/strong><\/p>\n<p style=\"text-align: justify\">\u00a0<span style=\"line-height: 1.3em\">Aos irm\u00e3os presb\u00edteros e aos seus presbit\u00e9rios desse imenso Brasil<\/span><\/p>\n<p style=\"text-align: justify\">\n<strong>Testemunhas de f\u00e9, esperan\u00e7a e caridade<\/strong><\/p>\n<p style=\"text-align: justify\">Como filhos de Deus e irm\u00e3os em Cristo, n\u00f3s, 531 presb\u00edteros, 10 Bispos e demais convidados, representando 224 de nossas 274 igrejas particulares, que formam a Igreja no Brasil, reunimo-nos, na Casa da M\u00e3e Aparecida, entre os dias 05 a 11 de fevereiro de 2014, para rezar, conviver e refletir sobre nossa vida e miss\u00e3o como Presb\u00edteros nos dias de hoje. Nosso encontro teve como tema: \u201cConc\u00edlio Vaticano II e os Presb\u00edteros no Brasil: Testemunhas de F\u00e9, Esperan\u00e7a e Caridade\u201d e o lema: \u201cEstai sempre prontos a dar a raz\u00e3o da esperan\u00e7a a quem pedir\u201d (1Pd 3,15). A grande moldura deste encontro, a celebra\u00e7\u00e3o dos 50 anos do Concilio Vaticano II, nos colocou em comunh\u00e3o com a totalidade do povo de Deus e nos levou a renovar nossa esperan\u00e7a na edifica\u00e7\u00e3o de uma Igreja verdadeiramente ministerial e mission\u00e1ria. E neste 15\u00ba ENP evocamos alguns Presb\u00edteros como exemplos de testemunhas que nos inspiram na caminhada: Padre Gabriel Malagrida, Frei Joaquim do Amor Divino Caneca, Padre Diogo Ant\u00f4nio Feij\u00f3, Padre Jose Ant\u00f4nio Pereira Ibiapina, Padre Cicero Rom\u00e3o Batista, Padre J\u00falio Maria, Padre Jo\u00e3o Bosco Penido Burnier, Padre Ant\u00f4nio Henrique Pereira da Silva Neto, Padre Ezequiel Ramin, Padre Josimo Morais Tavares, Padre Alberto Antoniazzi, Padre Jo\u00e3o Batista Lib\u00e2nio e outros que atualmente est\u00e3o no pleno exerc\u00edcio de seu minist\u00e9rio junto ao Povo de Deus.<\/p>\n<p style=\"text-align: justify\"><strong>Esperan\u00e7a frente \u00e0 realidade desafiadora<\/strong><br \/>\nNo primeiro dia do encontro tivemos a an\u00e1lise da conjuntura s\u00f3cio-pol\u00edtica-econ\u00f4mica e eclesial. Ajudados pelo Dr. Pedro Ergnaldo Gontijo, secret\u00e1rio executivo da Comiss\u00e3o Brasileira de Justi\u00e7a e Paz, mergulhamos na realidade mundial, latino-americana e brasileira. Comunicou-nos que recente relat\u00f3rio da ONG brit\u00e2nica Oxfam mostra que o patrim\u00f4nio das 85 pessoas mais ricas do mundo equivale \u00e0s posses de metade da popula\u00e7\u00e3o mundial. Os poderes econ\u00f4micos e pol\u00edticos est\u00e3o produzindo um \u201capartheid\u201d mundial, o que torna previs\u00edvel que as tens\u00f5es sociais e o aumento do risco de ruptura social sejam inevit\u00e1veis. Percebemos que, na Am\u00e9rica Latina, o modelo neo-desenvolvimentista adotado por v\u00e1rios pa\u00edses, dentre eles o Brasil, torna praticamente invi\u00e1vel a vida de comunidades tradicionais, como a dos povos ind\u00edgenas, quilombolas, ribeirinhos, pescadores e outras. Constatamos, tamb\u00e9m, a fal\u00eancia do sistema penitenci\u00e1rio, que ainda n\u00e3o despertou significativamente a solidariedade da sociedade civil. Precisamos, sem d\u00favida, criar uma cultura de rejei\u00e7\u00e3o ao \u201cc\u00e2ncer social\u201d que \u00e9 a corrup\u00e7\u00e3o (EG 60). Como alertou o Papa Francisco, n\u00e3o podemos ficar ref\u00e9ns da globaliza\u00e7\u00e3o da indiferen\u00e7a. A inclus\u00e3o de in\u00fameros pobres na sociedade de consumo n\u00e3o \u00e9 suficiente para dizermos que houve realmente uma ascens\u00e3o social significativa no pa\u00eds. Essa s\u00f3 ser\u00e1 real quando esses pobres estiverem inclu\u00eddos num sistema digno de sa\u00fade, de educa\u00e7\u00e3o, de saneamento b\u00e1sico, de lazer, de seguran\u00e7a, de mobilidade urbana. A exemplo de Jesus, o Bom Pastor, sofremos ao perceber que o povo, sobretudo os pobres, continua como ovelhas sem pastor. Frente \u00e0s novas manifesta\u00e7\u00f5es que tomam as ruas do nosso pa\u00eds, desde junho de 2013, cabe a n\u00f3s, Presb\u00edteros, uma pergunta fundamental: o que elas t\u00eam a ver com o exerc\u00edcio de nosso minist\u00e9rio? Podemos alimentar a esperan\u00e7a de que o povo na rua tem verdadeiramente um poder constituinte?<\/p>\n<p style=\"text-align: justify\">\nA an\u00e1lise de conjuntura eclesial esteve sob a assessoria do Pe. Thierry Linard de Guertechin, SJ, do Instituto Brasileiro de Desenvolvimento (IBRADES). Constatamos com alegria, nas \u00faltimas d\u00e9cadas, o crescimento num\u00e9rico dos Presb\u00edteros (22.119), das Par\u00f3quias (10.720) e das Dioceses (274). Nossa Igreja est\u00e1 viva e din\u00e2mica, com muitas iniciativas evangelizadoras em todas as regi\u00f5es de nosso imenso pa\u00eds. Por outro lado, percebemos que muitos cat\u00f3licos v\u00eam abandonando nossas comunidades, buscando, muitas vezes, solu\u00e7\u00f5es m\u00e1gicas e imediatas para os seus problemas. Isto nos desafia, como Presb\u00edteros, a buscar novas formas de presen\u00e7a e de comunica\u00e7\u00e3o, de linguagem, de s\u00edmbolos que facilitem nosso contato com o povo, n\u00e3o cedendo \u00e0s solu\u00e7\u00f5es f\u00e1ceis, mas acreditando que devemos intensificar nossa proximidade, inserindo-nos na vida de nosso povo, abra\u00e7ando, assim, sua causa como pastores. Lamentamos a veicula\u00e7\u00e3o de comportamentos, por parte de alguns setores da M\u00eddia que v\u00eam banalizando valores humanos e crist\u00e3os, fundamentais para a sadia conviv\u00eancia social e, sobretudo, os sacramentos da Igreja Cat\u00f3lica, com caricaturas de extremo mau gosto de nossas celebra\u00e7\u00f5es. Frente a todos esses desafios, emergem com for\u00e7a as palavras de Dom H\u00e9lder C\u00e2mara: \u201cn\u00e3o deixem cair a profecia\u201d. Ser\u00e1 que podemos, diante de tantas cruzes e sofrimentos de nosso povo, pretender ser testemunhas da f\u00e9 e da caridade, n\u00e3o permitindo jamais que nos roubem a esperan\u00e7a?<\/p>\n<p style=\"text-align: justify\"><strong>Esperan\u00e7a na retomada da recep\u00e7\u00e3o do Conc\u00edlio Vaticano II na vida e no exerc\u00edcio do minist\u00e9rio presbiteral<\/strong><\/p>\n<p style=\"text-align: justify\">Motivados pelos 50 anos da realiza\u00e7\u00e3o do Conc\u00edlio Vaticano II, desde a prepara\u00e7\u00e3o para este nosso 15\u00ba ENP, estamos refletindo como ser verdadeiramente Presb\u00edtero, \u00e0 luz do esp\u00edrito e textos conciliares, sob a assessoria de nossos irm\u00e3os da Arquidiocese de S\u00e3o Paulo, padres Ney de Souza e Edson Donizete Toneti. Constatamos que h\u00e1 in\u00fameras formas de exercer o minist\u00e9rio presbiteral, de sermos sacerdotes, pastores e profetas, numa Igreja-Povo de Deus, em comunh\u00e3o com nossos Pastores e com todos os batizados, fazendo emergir o rosto de uma Igreja toda ministerial, que favorece tamb\u00e9m a atua\u00e7\u00e3o efetiva de nossos irm\u00e3os leigos e leigas. Essa eclesiologia de comunh\u00e3o e participa\u00e7\u00e3o que vem a n\u00f3s pela Constitui\u00e7\u00e3o Dogm\u00e1tica Lumen Gentium nos mergulha no mist\u00e9rio da Trindade, nos insere na vida de nossas Igrejas Particulares (LG 22) e nos faz Padres para a universalidade da Igreja, tanto na viv\u00eancia dos sacramentos como das virtudes (LG 11). Por isso, precisamos ser Presb\u00edteros de uma Igreja em sa\u00edda, no esp\u00edrito do Decreto Ad Gentes, que nos lan\u00e7a \u00e0 maravilhosa e desafiadora aventura da miss\u00e3o inculturada, discernindo as sementes do Verbo espalhadas em todos os povos, em todas as na\u00e7\u00f5es (AG 11;26). A miss\u00e3o \u00e9 intr\u00ednseca \u00e0 Igreja, pois sua natureza \u00e9 mission\u00e1ria e isso nos desafia a sermos disc\u00edpulos do \u00fanico Mestre e mission\u00e1rios do Reino. Nossa caminhada ministerial precisa ter, com transpar\u00eancia, a centralidade da Palavra de Deus, como nos indica a Dei Verbum, numa busca sincera de equil\u00edbrio entre o P\u00e3o da Vida da Palavra e o P\u00e3o da Vida da Eucaristia (DV 21). Palavra de Deus que nos aproxima do cora\u00e7\u00e3o do povo que tanto a ama e que dela tem sede. Ser Presb\u00edteros de vida e cora\u00e7\u00e3o orantes e celebrativos, \u00e0 luz da Sacrosanctum Concilium, nos faz considerar seriamente a Eucaristia como fonte e cume de toda a Igreja (SC 10). Como sermos tamb\u00e9m abertos \u00e0 presen\u00e7a das sementes do Verbo em outras Igrejas crist\u00e3s e de Deus Pai em outras religi\u00f5es, numa perspectiva ecum\u00eanica e do di\u00e1logo inter-religioso, de acordo com Unitatis Redintegratio e Nostra Aetate? E homens da defesa incondicional da liberdade religiosa e de todos os direitos humanos \u00e0 luz da Dignitatis Humanae? E, sendo Presb\u00edteros conciliares, seremos profetas e testemunhas de que outro mundo \u00e9 poss\u00edvel, fazendo das alegrias e tristezas, ang\u00fastias e esperan\u00e7as de todos, sobretudo dos pobres, nossas alegrias e tristezas, nossas ang\u00fastias e esperan\u00e7as, iluminados pela Constitui\u00e7\u00e3o Pastoral Gaudium et Spes (GS 1). \u00c9 nessa perspectiva de conforma\u00e7\u00e3o de nosso minist\u00e9rio com as grandes inspira\u00e7\u00f5es conciliares que queremos formar os novos Presb\u00edteros como verdadeiros pastores, como nos indica Optatam Totius, quando afirma que a pastoral deve ser o eixo de toda a forma\u00e7\u00e3o presbiteral (OT 4). Tudo isso nos propicia a chance de sermos Presb\u00edteros identificados com a eclesiologia conciliar, padres do Decreto Presbyterorum Ordinis, profundamente inseridos nos nossos presbit\u00e9rios e com a vida centrada na caridade pastoral (PO 8,14-16). Vivendo assim, em presbit\u00e9rio nas nossas Igrejas Particulares, enfrentando nossas ambiguidades e contradi\u00e7\u00f5es, e colhendo os frutos de tanto trabalho abnegado, ningu\u00e9m nos roubar\u00e1 a esperan\u00e7a.<\/p>\n<p style=\"text-align: justify\"><strong>Esperan\u00e7a fundada em Jesus e nas palavras e atitudes do Papa Francisco<\/strong><\/p>\n<p style=\"text-align: justify\">Vivenciamos de maneira forte e prof\u00e9tica o nosso dia de retiro, sob a orienta\u00e7\u00e3o de Dom Ang\u00e9lico S\u00e2ndalo Bernardino, que nos instigou a fugir da tenta\u00e7\u00e3o de sermos presb\u00edteros mais ou menos. Ele fez, ainda uma vez, emergir com for\u00e7a a consci\u00eancia de que o fundamento maior de nossa esperan\u00e7a adv\u00e9m da certeza de que Jesus caminha conosco, pois segui-Lo deve ser a fonte e o paradigma m\u00e1ximos da nossa caminhada de ministros ordenados. Por isso, n\u00e3o basta estarmos na Igreja, precisamos estar em Cristo. Como presb\u00edteros, precisamos ser homens do sacrif\u00edcio eucar\u00edstico, da partilha e de profunda intimidade com Deus e uni\u00e3o com seu povo. Partindo da considera\u00e7\u00e3o sobre o \u201cpresbit\u00e9rio\u201d de Jesus, afirmou que, como bispo, ele teria mandado embora no m\u00ednimo uns seis, mas que Nosso Senhor assim n\u00e3o o fez; pelo contr\u00e1rio, mesmo com tantos homens fr\u00e1geis, continuou sua miss\u00e3o e ainda confiou-lhes a continuidade dela. Lembrou-nos, ainda, de que em nossas in\u00fameras reuni\u00f5es, seja de presb\u00edteros, seja dos bispos, n\u00e3o s\u00e3o tratados com transpar\u00eancia os verdadeiros problemas que afetam nossa vida e minist\u00e9rio. Sem ser ing\u00eanuo e com intrepidez nos cumulou de esperan\u00e7a de que \u00e9 poss\u00edvel viver em comunh\u00e3o presbiteral, ainda que n\u00e3o nos amemos o bastante. Somos, por tudo isso, cotidianamente impelidos pelas palavras e gestos do Carpinteiro de Nazar\u00e9, que ousou fazer ouvir a voz da periferia na capital de seu pa\u00eds, frente aos poderes pol\u00edticos, econ\u00f4micos e religiosos de sua \u00e9poca.<br \/>\nHoje, somos tamb\u00e9m instigados pelas palavras e atitudes do Papa Francisco que tem chamado a aten\u00e7\u00e3o de todos pela sua forma normal de ser pastor e profeta no meio do povo, inspirando-nos nas nossas condutas e no exerc\u00edcio de nosso minist\u00e9rio presbiteral, como disc\u00edpulos mission\u00e1rios do Reino do Pai. Sobretudo, ressoam em nossos ouvidos suas palavras desafiadoras, abrindo a Igreja para enfrentar os grandes conflitos do mundo, quando diz: \u201cPrefiro uma Igreja acidentada, ferida e enlameada por ter sa\u00eddo pelas estradas, a uma Igreja enferma pelo fechamento e a comodidade de se agarrar \u00e0s pr\u00f3prias seguran\u00e7as. N\u00e3o quero uma Igreja preocupada com ser o centro, e que acaba presa no emaranhado de obsess\u00f5es e procedimentos\u201d (EG 49). Com Jesus e com as nuvens de testemunhas que temos, podemos afirmar que ningu\u00e9m nos roubar\u00e1 a esperan\u00e7a (Hb 12,1). \u201cE a esperan\u00e7a n\u00e3o engana. Porque o amor de Deus foi derramado em nossos cora\u00e7\u00f5es pelo Esp\u00edrito Santo que nos foi dado\u201d (Rm 5,5).<\/p>\n<p style=\"text-align: justify\"><strong>Esperan\u00e7a pela companhia constante de Maria<\/strong><\/p>\n<p style=\"text-align: justify\">Desta Casa de Maria, que resplandece como modelo de virtudes (LG 65) e \u00e9 aqui chamada M\u00e3e Aparecida, terra t\u00e3o amada do nosso povo romeiro, voltamos \u00e0s nossas Igrejas Particulares, aos nossos presbit\u00e9rios, \u00e0s nossas comunidades eclesiais, certos da sua b\u00ean\u00e7\u00e3o maternal para nossa vida e minist\u00e9rio presbiteral, onde nos comprometemos a ser testemunhas das virtudes teologais e dar raz\u00e3o da esperan\u00e7a a quem a pedir.<\/p>\n<p><strong style=\"line-height: 1.3em\">\u00a0<\/strong><\/p>\n<p>&nbsp;<\/p>\n","protected":false},"excerpt":{"rendered":"<p>As celebra\u00e7\u00f5es dos 50 anos da realiza\u00e7\u00e3o do Conc\u00edlio Vaticano II motivaram as reflex\u00f5es sobre a vida e miss\u00e3o do sacerdote no contexto atual, durante o 15\u00ba Encontro Nacional de Presb\u00edteros. O evento reuniu, de 05 a 11 de fevereiro, em Aparecida (SP), 531 padres, bispos e representantes das dioceses. Assessores convidados colaboraram no estudo &hellip;<\/p>\n<p class=\"read-more\"> <a class=\"\" href=\"https:\/\/www.cnbb.org.br\/em-carta-sacerdotes-brasileiros-concluem-15-encontro-nacional\/\"> <span class=\"screen-reader-text\">Sacerdotes brasileiros concluem 15\u00ba Encontro Nacional<\/span> Leia mais &raquo;<\/a><\/p>\n","protected":false},"author":83,"featured_media":16941,"comment_status":"open","ping_status":"open","sticky":false,"template":"","format":"standard","meta":{"site-sidebar-layout":"default","site-content-layout":"default","ast-global-header-display":"","ast-banner-title-visibility":"","ast-main-header-display":"","ast-hfb-above-header-display":"","ast-hfb-below-header-display":"","ast-hfb-mobile-header-display":"","site-post-title":"","ast-breadcrumbs-content":"","ast-featured-img":"","footer-sml-layout":"","theme-transparent-header-meta":"","adv-header-id-meta":"","stick-header-meta":"","header-above-stick-meta":"","header-main-stick-meta":"","header-below-stick-meta":""},"categories":[848,841],"tags":[],"acf":[],"_links":{"self":[{"href":"https:\/\/www.cnbb.org.br\/cnbb-app\/wp\/v2\/posts\/16940"}],"collection":[{"href":"https:\/\/www.cnbb.org.br\/cnbb-app\/wp\/v2\/posts"}],"about":[{"href":"https:\/\/www.cnbb.org.br\/cnbb-app\/wp\/v2\/types\/post"}],"author":[{"embeddable":true,"href":"https:\/\/www.cnbb.org.br\/cnbb-app\/wp\/v2\/users\/83"}],"replies":[{"embeddable":true,"href":"https:\/\/www.cnbb.org.br\/cnbb-app\/wp\/v2\/comments?post=16940"}],"version-history":[{"count":0,"href":"https:\/\/www.cnbb.org.br\/cnbb-app\/wp\/v2\/posts\/16940\/revisions"}],"wp:featuredmedia":[{"embeddable":true,"href":"https:\/\/www.cnbb.org.br\/cnbb-app\/wp\/v2\/media\/16941"}],"wp:attachment":[{"href":"https:\/\/www.cnbb.org.br\/cnbb-app\/wp\/v2\/media?parent=16940"}],"wp:term":[{"taxonomy":"category","embeddable":true,"href":"https:\/\/www.cnbb.org.br\/cnbb-app\/wp\/v2\/categories?post=16940"},{"taxonomy":"post_tag","embeddable":true,"href":"https:\/\/www.cnbb.org.br\/cnbb-app\/wp\/v2\/tags?post=16940"}],"curies":[{"name":"wp","href":"https:\/\/api.w.org\/{rel}","templated":true}]}}