{"id":16946,"date":"2015-01-21T00:00:00","date_gmt":"2015-01-21T02:00:00","guid":{"rendered":"https:\/\/www.cnbb.org.br\/belem-pa-sediara-encontro-nacional-de-movimentos-e-novas-comunidades\/"},"modified":"2020-03-11T20:50:13","modified_gmt":"2020-03-11T23:50:13","slug":"belem-pa-sediara-encontro-nacional-de-movimentos-e-novas-comunidades","status":"publish","type":"post","link":"https:\/\/www.cnbb.org.br\/belem-pa-sediara-encontro-nacional-de-movimentos-e-novas-comunidades\/","title":{"rendered":"Bel\u00e9m (PA) sediar\u00e1 Encontro Nacional de Movimentos e Novas Comunidades"},"content":{"rendered":"<p style=\"text-align: justify\"><span style=\"line-height: 1.3em\">Mais de 700 participantes s\u00e3o esperados para o 2\u00ba Encontro Nacional de Jovens de Movimentos e Novas Comunidades (ENJMC), em Bel\u00e9m (PA). O evento acontecer\u00e1 no per\u00edodo de 14 a 19 de julho, na capital paraense, com presen\u00e7a de lideran\u00e7as jovens de diversas regi\u00f5es do Brasil. A Comiss\u00e3o Episcopal Pastoral para a Juventude da CNBB \u00e9 respons\u00e1vel pela organiza\u00e7\u00e3o do encontro.<\/span><\/p>\n<p><!--more--><\/p>\n<p style=\"text-align: justify\"><span style=\"line-height: 1.3em\">O tema escolhido ser\u00e1 \u201cSaiamos para anunciar a vida de Jesus Cristo\u201d, retirado da primeira Enc\u00edclica do papa Francisco, \u201cEvangelli Gaudium\u201d. A ilumina\u00e7\u00e3o para o encontro \u00e9 inspirada no Evangelho de S\u00e3o Marcos, \u201cIde por todo mundo e pregai o Evangelho a toda criatura\u201d (Mc 16,15).<\/span><\/p>\n<p style=\"text-align: justify\">A organiza\u00e7\u00e3o convida para mobiliza\u00e7\u00e3o nas redes sociais por meio da hashtag #ENJMC, com a proposta de divulgar o evento.<\/p>\n<p style=\"text-align: justify\"><strong>Inscri\u00e7\u00f5es<\/strong><\/p>\n<p style=\"text-align: justify\">De 1\u00ba a 30 de abril, estar\u00e1 dispon\u00edvel no site dos <a href=\"\/www.jovensconectados.org.br\/\" target=\"_blank\" rel=\"noopener noreferrer\">Jovens Conectados<\/a> o link para inscri\u00e7\u00e3o. A taxa a ser paga pelo participante, inclui materiais do evento, hospedagem e alimenta\u00e7\u00e3o. Os Movimentos e Novas Comunidades poder\u00e3o inscrever de 10 a 15 l\u00edderes jovens, entre 18 e 29 anos, al\u00e9m de dois assessores adultos, sacerdotes e bispos.<\/p>\n<p style=\"text-align: justify\"><strong>Mem\u00f3ria<\/strong><\/p>\n<p style=\"text-align: justify\">A primeira edi\u00e7\u00e3o do ENJMC aconteceu no ano de 2010, no Centro de Mari\u00e1polis Ginetta, em Vargem Grande Paulista (SP). Na ocasi\u00e3o, foi lan\u00e7ado o site <a href=\"http:\/\/www.jovensconectados.org.br\/\" target=\"_blank\" rel=\"noopener noreferrer\">Jovens Conectados<\/a>. O evento reuniu 500 jovens e assessores, entre lideran\u00e7as nacionais de movimentos e novas comunidades.<\/p>\n<p style=\"text-align: justify\"><em>CNBB com informa\u00e7\u00f5es dos Jovens Conectados.\u00a0<\/em><\/p>\n","protected":false},"excerpt":{"rendered":"<p>Mais de 700 participantes s\u00e3o esperados para o 2\u00ba Encontro Nacional de Jovens de Movimentos e Novas Comunidades (ENJMC), em Bel\u00e9m (PA). O evento acontecer\u00e1 no per\u00edodo de 14 a 19 de julho, na capital paraense, com presen\u00e7a de lideran\u00e7as jovens de diversas regi\u00f5es do Brasil. A Comiss\u00e3o Episcopal Pastoral para a Juventude da CNBB &hellip;<\/p>\n<p class=\"read-more\"> <a class=\"\" href=\"https:\/\/www.cnbb.org.br\/belem-pa-sediara-encontro-nacional-de-movimentos-e-novas-comunidades\/\"> <span class=\"screen-reader-text\">Bel\u00e9m (PA) sediar\u00e1 Encontro Nacional de Movimentos e Novas Comunidades<\/span> Leia mais &raquo;<\/a><\/p>\n","protected":false},"author":83,"featured_media":16947,"comment_status":"open","ping_status":"open","sticky":false,"template":"","format":"standard","meta":{"site-sidebar-layout":"default","site-content-layout":"default","ast-global-header-display":"","ast-banner-title-visibility":"","ast-main-header-display":"","ast-hfb-above-header-display":"","ast-hfb-below-header-display":"","ast-hfb-mobile-header-display":"","site-post-title":"","ast-breadcrumbs-content":"","ast-featured-img":"","footer-sml-layout":"","theme-transparent-header-meta":"","adv-header-id-meta":"","stick-header-meta":"","header-above-stick-meta":"","header-main-stick-meta":"","header-below-stick-meta":""},"categories":[848,841],"tags":[],"acf":[],"_links":{"self":[{"href":"https:\/\/www.cnbb.org.br\/cnbb-app\/wp\/v2\/posts\/16946"}],"collection":[{"href":"https:\/\/www.cnbb.org.br\/cnbb-app\/wp\/v2\/posts"}],"about":[{"href":"https:\/\/www.cnbb.org.br\/cnbb-app\/wp\/v2\/types\/post"}],"author":[{"embeddable":true,"href":"https:\/\/www.cnbb.org.br\/cnbb-app\/wp\/v2\/users\/83"}],"replies":[{"embeddable":true,"href":"https:\/\/www.cnbb.org.br\/cnbb-app\/wp\/v2\/comments?post=16946"}],"version-history":[{"count":0,"href":"https:\/\/www.cnbb.org.br\/cnbb-app\/wp\/v2\/posts\/16946\/revisions"}],"wp:featuredmedia":[{"embeddable":true,"href":"https:\/\/www.cnbb.org.br\/cnbb-app\/wp\/v2\/media\/16947"}],"wp:attachment":[{"href":"https:\/\/www.cnbb.org.br\/cnbb-app\/wp\/v2\/media?parent=16946"}],"wp:term":[{"taxonomy":"category","embeddable":true,"href":"https:\/\/www.cnbb.org.br\/cnbb-app\/wp\/v2\/categories?post=16946"},{"taxonomy":"post_tag","embeddable":true,"href":"https:\/\/www.cnbb.org.br\/cnbb-app\/wp\/v2\/tags?post=16946"}],"curies":[{"name":"wp","href":"https:\/\/api.w.org\/{rel}","templated":true}]}}