{"id":16953,"date":"2016-04-06T00:00:00","date_gmt":"2016-04-06T03:00:00","guid":{"rendered":"https:\/\/www.cnbb.org.br\/bispos-falam-sobre-congresso-eucaristico-e-protomartires-do-brasil\/"},"modified":"2020-03-11T20:50:12","modified_gmt":"2020-03-11T23:50:12","slug":"bispos-falam-sobre-congresso-eucaristico-e-protomartires-do-brasil","status":"publish","type":"post","link":"https:\/\/www.cnbb.org.br\/bispos-falam-sobre-congresso-eucaristico-e-protomartires-do-brasil\/","title":{"rendered":"Dom Alberto Taveira fala sobre preparativos para o XVII Congresso Eucar\u00edstico Nacional"},"content":{"rendered":"<p style=\"text-align: justify\">Evento acontecer\u00e1 em Bel\u00e9m, no m\u00eas de agosto<\/p>\n<p><!--more--><\/p>\n<p style=\"text-align: justify\">O arcebispo de Bel\u00e9m (PA), dom Alberto Taveira Corr\u00eaa, falou aos bispos reunidos na\u00a0<span style=\"font-size: 11.8181819915771px;line-height: 15.8079996109009px\">54\u00aa Assembleia Geral da Confer\u00eancia Nacional dos Bispos do Brasil (CNBB), a respeito dos preparativos\u00a0<\/span><span style=\"font-size: 11.8181819915771px;line-height: 15.8079996109009px\">para o XVII Congresso Eucar\u00edstico Nacional (CEN), que acontecer\u00e1 de 15 a 21 de agosto, na capital paraense.\u00a0<\/span><\/p>\n<p style=\"text-align: justify\">\n<p style=\"text-align: justify\">Dom Alberto Taveira informou sobre os trabalhos das comiss\u00f5es que preparam o evento, que tamb\u00e9m ir\u00e1 celebrar os 400 anos da cidade de Bel\u00e9m e os 400 anos de Evangeliza\u00e7\u00e3o da Amaz\u00f4nia. \u201cO congresso foi pensado para envolver toda a arquidiocese de Bel\u00e9m, nos seus cinco munic\u00edpios e seis regi\u00f5es episcopais, de modo que as pessoas\u00a0possam escolher onde desejam participar. H\u00e1 site e aplicativo nos quais\u00a0podem ser encontradas informa\u00e7\u00f5es sobre o congresso\u201d, disse o arcebispo. Com inscri\u00e7\u00f5es abertas, o CEN j\u00e1 conta com 165 bispos inscritos. Dom Alberto tamb\u00e9m comentou sobre alguns aspectos da programa\u00e7\u00e3o, que pode ser conferida no site cen2016.com.br.<\/p>\n<p style=\"text-align: justify\">O bispo auxiliar de Bras\u00edlia (DF) e secret\u00e1rio geral da CNBB, dom Leonardo Ulrich Steiner, expressou o desejo de que durante esta Assembleia Geral haja a defini\u00e7\u00e3o do local do pr\u00f3ximo Congresso.<\/p>\n<p style=\"text-align: justify\">Os membros da Assembleia receberam folder contendo explica\u00e7\u00f5es sobre o evento e uma ficha de inscri\u00e7\u00e3o. As inscri\u00e7\u00f5es, normalmente, s\u00e3o feitas pela Internet e h\u00e1 previs\u00e3o da acolhida solid\u00e1ria para todos os participantes, inclusive a hospedagem dos bispos. Dom Taveira comentou sobre a proposta de coleta nacional para obten\u00e7\u00e3o de fundos a fim de ajudar na realiza\u00e7\u00e3o do Congresso, al\u00e9m de outras iniciativas para sustenta\u00e7\u00e3o do CEN no contexto de crise econ\u00f4mica. Dom Alberto respondeu \u00e0s perguntas dos bispos e deu detalhes sobre a participa\u00e7\u00e3o dos membros do episcopado em algumas celebra\u00e7\u00f5es e momentos de aprofundamento de temas teol\u00f3gico-pastorais.<\/p>\n<p>&nbsp;<\/p>\n<p style=\"text-align: justify\">\n","protected":false},"excerpt":{"rendered":"<p>Evento acontecer\u00e1 em Bel\u00e9m, no m\u00eas de agosto<\/p>\n","protected":false},"author":83,"featured_media":16954,"comment_status":"open","ping_status":"open","sticky":false,"template":"","format":"standard","meta":{"site-sidebar-layout":"default","site-content-layout":"default","ast-global-header-display":"","ast-banner-title-visibility":"","ast-main-header-display":"","ast-hfb-above-header-display":"","ast-hfb-below-header-display":"","ast-hfb-mobile-header-display":"","site-post-title":"","ast-breadcrumbs-content":"","ast-featured-img":"","footer-sml-layout":"","theme-transparent-header-meta":"","adv-header-id-meta":"","stick-header-meta":"","header-above-stick-meta":"","header-main-stick-meta":"","header-below-stick-meta":""},"categories":[848,841],"tags":[],"acf":[],"_links":{"self":[{"href":"https:\/\/www.cnbb.org.br\/cnbb-app\/wp\/v2\/posts\/16953"}],"collection":[{"href":"https:\/\/www.cnbb.org.br\/cnbb-app\/wp\/v2\/posts"}],"about":[{"href":"https:\/\/www.cnbb.org.br\/cnbb-app\/wp\/v2\/types\/post"}],"author":[{"embeddable":true,"href":"https:\/\/www.cnbb.org.br\/cnbb-app\/wp\/v2\/users\/83"}],"replies":[{"embeddable":true,"href":"https:\/\/www.cnbb.org.br\/cnbb-app\/wp\/v2\/comments?post=16953"}],"version-history":[{"count":0,"href":"https:\/\/www.cnbb.org.br\/cnbb-app\/wp\/v2\/posts\/16953\/revisions"}],"wp:featuredmedia":[{"embeddable":true,"href":"https:\/\/www.cnbb.org.br\/cnbb-app\/wp\/v2\/media\/16954"}],"wp:attachment":[{"href":"https:\/\/www.cnbb.org.br\/cnbb-app\/wp\/v2\/media?parent=16953"}],"wp:term":[{"taxonomy":"category","embeddable":true,"href":"https:\/\/www.cnbb.org.br\/cnbb-app\/wp\/v2\/categories?post=16953"},{"taxonomy":"post_tag","embeddable":true,"href":"https:\/\/www.cnbb.org.br\/cnbb-app\/wp\/v2\/tags?post=16953"}],"curies":[{"name":"wp","href":"https:\/\/api.w.org\/{rel}","templated":true}]}}