{"id":16988,"date":"2012-07-10T00:00:00","date_gmt":"2012-07-10T03:00:00","guid":{"rendered":"https:\/\/www.cnbb.org.br\/dom-joao-braz-considera-dom-eugenio-quma-coluna-solida-da-igrejaq\/"},"modified":"2012-07-10T00:00:00","modified_gmt":"2012-07-10T03:00:00","slug":"dom-joao-braz-considera-dom-eugenio-quma-coluna-solida-da-igrejaq","status":"publish","type":"post","link":"https:\/\/www.cnbb.org.br\/dom-joao-braz-considera-dom-eugenio-quma-coluna-solida-da-igrejaq\/","title":{"rendered":"Dom Jo\u00e3o Braz considera dom Eug\u00eanio &#8220;uma coluna s\u00f3lida da Igreja&#8221;"},"content":{"rendered":"<p style=\"text-align: justify\">Informado sobre o falecimento Cardeal Eug\u00eanio de Ara\u00fajo Sales, o \u00fanico cardeal brasileiro na C\u00faria Romana, Jo\u00e3o Braz de Aviz, Prefeito da Congrega\u00e7\u00e3o para os Institutos de Vida Consagrada e as Sociedades de Vida Apost\u00f3lica, recordou o significado que o arcebispo em\u00e9rito do Rio de Janeiro teve ao longo das \u00faltimas d\u00e9cadas.<\/p>\n<p><!--more--><\/p>\n<p style=\"text-align: justify\">Eis o depoimento dado \u00e0 R\u00e1dio Vaticano:<\/p>\n<p style=\"text-align: justify\">\u201c<strong>Quando penso na figura de Dom Eug\u00eanio Sales penso num baluarte, numa coluna s\u00f3lida da Igreja, em um momento muito importante da vida da Igreja no Brasil.<\/strong><\/p>\n<p><strong>Ele foi sempre uma esp\u00e9cie de fiel da balan\u00e7a, ajudando a CNBB com o que escreveu e ensinou, chamando-nos profundamente para o sentido do mist\u00e9rio da Igreja. Foi sempre uma pessoa muito atenta \u00e0 unidade da Igreja no Brasil com Roma. Este me parece um dos pontos mais marcantes da figura de Dom Eug\u00eanio Sales. Al\u00e9m disso, desde que trabalhou no nordeste, em Natal, teve uma atitude sempre de vanguarda naquele per\u00edodo inicial, seja com os meios de comunica\u00e7\u00e3o seja atrav\u00e9s da evangeliza\u00e7\u00e3o, chegando diretamente ao povo. Dom Eug\u00eanio era tamb\u00e9m uma pessoa de muito di\u00e1logo com a cultura, com o pensamento do pa\u00eds nos v\u00e1rios momentos hist\u00f3ricos e pol\u00edticos que vivemos.<\/strong><\/p>\n<p><strong>Queremos tamb\u00e9m agradecer a Deus esta figura que fica marcada na hist\u00f3ria como uma das grandes figuras do episcopado brasileiro: um cardeal que deu esta caracter\u00edstica de unidade profunda com a Igreja de Roma.<\/strong><\/p>\n<p><strong>Recordo-me sua preocupa\u00e7\u00e3o com a forma\u00e7\u00e3o dos bispos. Os cursos de atualiza\u00e7\u00e3o no Sumar\u00e9 vieram \u00e0 tona com ele. Gostaria realmente que todos n\u00f3s brasileiros pud\u00e9ssemos em nosso cora\u00e7\u00e3o agradecer esta grande figura que foi motivo de crescimento para o nosso povo e da Igreja do Brasil\u201d. <\/strong><\/p>\n","protected":false},"excerpt":{"rendered":"<p>Informado sobre o falecimento Cardeal Eug\u00eanio de Ara\u00fajo Sales, o \u00fanico cardeal brasileiro na C\u00faria Romana, Jo\u00e3o Braz de Aviz, Prefeito da Congrega\u00e7\u00e3o para os Institutos de Vida Consagrada e as Sociedades de Vida Apost\u00f3lica, recordou o significado que o arcebispo em\u00e9rito do Rio de Janeiro teve ao longo das \u00faltimas d\u00e9cadas.<\/p>\n","protected":false},"author":83,"featured_media":16989,"comment_status":"open","ping_status":"open","sticky":false,"template":"","format":"standard","meta":{"site-sidebar-layout":"default","site-content-layout":"default","ast-global-header-display":"","ast-banner-title-visibility":"","ast-main-header-display":"","ast-hfb-above-header-display":"","ast-hfb-below-header-display":"","ast-hfb-mobile-header-display":"","site-post-title":"","ast-breadcrumbs-content":"","ast-featured-img":"","footer-sml-layout":"","theme-transparent-header-meta":"","adv-header-id-meta":"","stick-header-meta":"","header-above-stick-meta":"","header-main-stick-meta":"","header-below-stick-meta":""},"categories":[869],"tags":[],"acf":[],"_links":{"self":[{"href":"https:\/\/www.cnbb.org.br\/cnbb-app\/wp\/v2\/posts\/16988"}],"collection":[{"href":"https:\/\/www.cnbb.org.br\/cnbb-app\/wp\/v2\/posts"}],"about":[{"href":"https:\/\/www.cnbb.org.br\/cnbb-app\/wp\/v2\/types\/post"}],"author":[{"embeddable":true,"href":"https:\/\/www.cnbb.org.br\/cnbb-app\/wp\/v2\/users\/83"}],"replies":[{"embeddable":true,"href":"https:\/\/www.cnbb.org.br\/cnbb-app\/wp\/v2\/comments?post=16988"}],"version-history":[{"count":0,"href":"https:\/\/www.cnbb.org.br\/cnbb-app\/wp\/v2\/posts\/16988\/revisions"}],"wp:featuredmedia":[{"embeddable":true,"href":"https:\/\/www.cnbb.org.br\/cnbb-app\/wp\/v2\/media\/16989"}],"wp:attachment":[{"href":"https:\/\/www.cnbb.org.br\/cnbb-app\/wp\/v2\/media?parent=16988"}],"wp:term":[{"taxonomy":"category","embeddable":true,"href":"https:\/\/www.cnbb.org.br\/cnbb-app\/wp\/v2\/categories?post=16988"},{"taxonomy":"post_tag","embeddable":true,"href":"https:\/\/www.cnbb.org.br\/cnbb-app\/wp\/v2\/tags?post=16988"}],"curies":[{"name":"wp","href":"https:\/\/api.w.org\/{rel}","templated":true}]}}