{"id":16990,"date":"2012-07-12T00:00:00","date_gmt":"2012-07-12T03:00:00","guid":{"rendered":"https:\/\/www.cnbb.org.br\/bispos-brasileiros-recordam-dom-eugenio\/"},"modified":"2012-07-12T00:00:00","modified_gmt":"2012-07-12T03:00:00","slug":"bispos-brasileiros-recordam-dom-eugenio","status":"publish","type":"post","link":"https:\/\/www.cnbb.org.br\/bispos-brasileiros-recordam-dom-eugenio\/","title":{"rendered":"Bispos brasileiros recordam Dom Eug\u00eanio"},"content":{"rendered":"<p style=\"text-align: justify\">V\u00e1rios Bispos de todo o Brasil manifestaram pesar pela morte do Cardeal Eug\u00eanio de Ara\u00fajo Sales.O Presidente da Confer\u00eancia Nacional dos Bispos do Brasil, cardeal Raymundo Damasceno Assis, arcebispo de Aparecida (SP), anunciou que participa nesta quarta-feira do vel\u00f3rio e sepultamento do Cardeal Eug\u00eanio. O vel\u00f3rio foi realizado nesta quarta-feira, 12 de julho, na Catedral do Rio de Janeiro, com missa de corpo presente \u00e0s 15h, e em seguida, o sepultamento.<\/p>\n<p><!--more--><\/p>\n<p style=\"text-align: justify\">O arcebispo de S\u00e3o Paulo, Cardeal Odilo Pedro Scherer, recorda dom Eug\u00eanio como \u201cum Pastor que amou profundamente a Cristo e sua Igreja e, por ela, se dedicou inteiramente. Seu testemunho de homem da Igreja tamb\u00e9m marcou profundamente a Igreja no Brasil\u201d.<\/p>\n<p style=\"text-align: justify\">O arcebispo de Salvador, dom Murilo Krieger, pede a todos os fi\u00e9is que elevem preces a Deus pelo seu descanso eterno, afirmando que o arcebispado rende seu tributo de gratid\u00e3o \u00e0quele \u201cque aqui trabalhou e que tanto amou esta terra e esta gente&#8221;.<\/p>\n<p style=\"text-align: justify\">O arcebispo de Natal, dom Jaime Vieira Rocha, ressalta o legado inesgot\u00e1vel de dom Eug\u00eanio, \u201cservidor da Justi\u00e7a, comprometido com a promo\u00e7\u00e3o e defesa da dignidade da pessoa humana, especialmente, dos mais necessitados e exclu\u00eddos\u201d.<\/p>\n<p style=\"text-align: justify\">A presidente Dilma Rousseff emitiu, nesta ter\u00e7a-feira, 10 de julho, uma nota de pesar pelo falecimento de Dom Eug\u00eanio. Ela afirma que o Arcebispo Em\u00e9rito do Rio de Janeiro &#8220;deixa seu nome inscrito na hist\u00f3ria da Igreja Cat\u00f3lica pelo relevante papel que desempenhou em toda a sua vida&#8221;.<\/p>\n<p style=\"text-align: justify\"><strong>Leia a nota:<\/strong><\/p>\n<p style=\"text-align: justify\">&#8220;O cardeal Dom Eugenio de Ara\u00fajo Sales, arcebispo em\u00e9rito do Rio de Janeiro, deixa seu nome inscrito na hist\u00f3ria da Igreja Cat\u00f3lica pelo relevante papel que desempenhou em toda a sua vida. Em sua trajet\u00f3ria, a preocupa\u00e7\u00e3o social sempre esteve associada ao trabalho eclesi\u00e1stico, como bem sintetizam as Campanhas da Fraternidade, uma de suas iniciativas, que marcam a a\u00e7\u00e3o da igreja em todo o Brasil. Neste momento de pesar, levo minha solidariedade ao povo do Rio de Janeiro e a todos os admiradores, familiares e amigos de D. Eugenio.\u201d<\/p>\n","protected":false},"excerpt":{"rendered":"<p>V\u00e1rios Bispos de todo o Brasil manifestaram pesar pela morte do Cardeal Eug\u00eanio de Ara\u00fajo Sales.O Presidente da Confer\u00eancia Nacional dos Bispos do Brasil, cardeal Raymundo Damasceno Assis, arcebispo de Aparecida (SP), anunciou que participa nesta quarta-feira do vel\u00f3rio e sepultamento do Cardeal Eug\u00eanio. O vel\u00f3rio foi realizado nesta quarta-feira, 12 de julho, na Catedral &hellip;<\/p>\n<p class=\"read-more\"> <a class=\"\" href=\"https:\/\/www.cnbb.org.br\/bispos-brasileiros-recordam-dom-eugenio\/\"> <span class=\"screen-reader-text\">Bispos brasileiros recordam Dom Eug\u00eanio<\/span> Leia mais &raquo;<\/a><\/p>\n","protected":false},"author":83,"featured_media":16991,"comment_status":"open","ping_status":"open","sticky":false,"template":"","format":"standard","meta":{"site-sidebar-layout":"default","site-content-layout":"default","ast-global-header-display":"","ast-banner-title-visibility":"","ast-main-header-display":"","ast-hfb-above-header-display":"","ast-hfb-below-header-display":"","ast-hfb-mobile-header-display":"","site-post-title":"","ast-breadcrumbs-content":"","ast-featured-img":"","footer-sml-layout":"","theme-transparent-header-meta":"","adv-header-id-meta":"","stick-header-meta":"","header-above-stick-meta":"","header-main-stick-meta":"","header-below-stick-meta":""},"categories":[869],"tags":[],"acf":[],"_links":{"self":[{"href":"https:\/\/www.cnbb.org.br\/cnbb-app\/wp\/v2\/posts\/16990"}],"collection":[{"href":"https:\/\/www.cnbb.org.br\/cnbb-app\/wp\/v2\/posts"}],"about":[{"href":"https:\/\/www.cnbb.org.br\/cnbb-app\/wp\/v2\/types\/post"}],"author":[{"embeddable":true,"href":"https:\/\/www.cnbb.org.br\/cnbb-app\/wp\/v2\/users\/83"}],"replies":[{"embeddable":true,"href":"https:\/\/www.cnbb.org.br\/cnbb-app\/wp\/v2\/comments?post=16990"}],"version-history":[{"count":0,"href":"https:\/\/www.cnbb.org.br\/cnbb-app\/wp\/v2\/posts\/16990\/revisions"}],"wp:featuredmedia":[{"embeddable":true,"href":"https:\/\/www.cnbb.org.br\/cnbb-app\/wp\/v2\/media\/16991"}],"wp:attachment":[{"href":"https:\/\/www.cnbb.org.br\/cnbb-app\/wp\/v2\/media?parent=16990"}],"wp:term":[{"taxonomy":"category","embeddable":true,"href":"https:\/\/www.cnbb.org.br\/cnbb-app\/wp\/v2\/categories?post=16990"},{"taxonomy":"post_tag","embeddable":true,"href":"https:\/\/www.cnbb.org.br\/cnbb-app\/wp\/v2\/tags?post=16990"}],"curies":[{"name":"wp","href":"https:\/\/api.w.org\/{rel}","templated":true}]}}