{"id":16998,"date":"2012-08-27T00:00:00","date_gmt":"2012-08-27T03:00:00","guid":{"rendered":"https:\/\/www.cnbb.org.br\/zelar-para-que-se-respeite-o-direito-de-todos-diz-dom-orani-joao-tempesta\/"},"modified":"2012-08-27T00:00:00","modified_gmt":"2012-08-27T03:00:00","slug":"zelar-para-que-se-respeite-o-direito-de-todos-diz-dom-orani-joao-tempesta","status":"publish","type":"post","link":"https:\/\/www.cnbb.org.br\/zelar-para-que-se-respeite-o-direito-de-todos-diz-dom-orani-joao-tempesta\/","title":{"rendered":"\u201cZelar para que se respeite o direito de todos\u201d, diz dom Orani Jo\u00e3o Tempesta"},"content":{"rendered":"<p style=\"text-align: justify\">O arcebispo do Rio de Janeiro, dom Orani Jo\u00e3o Tempesta, \u00e9 o novo presidente do Conselho de Comunica\u00e7\u00e3o Social do Congresso Nacional. Escolhido por unanimidade pelos membros do colegiado, a posse aconteceu no \u00faltimo dia 8 de agosto, para um mandato de dois anos. Composto por 13 titulares e 13 suplentes, o Conselho atua como \u00f3rg\u00e3o auxiliar do Congresso Nacional, tendo como atribui\u00e7\u00e3o a elabora\u00e7\u00e3o de estudos, pareceres e recomenda\u00e7\u00f5es sobre temas relacionados \u00e0 comunica\u00e7\u00e3o e \u00e0 liberdade de express\u00e3o.<\/p>\n<p><!--more--><\/p>\n<p style=\"text-align: justify\"><strong>Responsabilidade<\/strong><\/p>\n<p style=\"text-align: justify\">De acordo com dom Orani, cada segmento da sociedade brasileira \u00e9 formado por cidad\u00e3os que t\u00eam o desejo e o direito de se comunicar, de se expressar e de fazer conhecer as pr\u00f3prias ideias. A presen\u00e7a de um bispo da Igreja Cat\u00f3lica no Conselho expressa a postura favor\u00e1vel da sociedade ao direito que assiste a todos os cidad\u00e3os: o direito de expor o seu pensamento.<\/p>\n<p style=\"text-align: justify\">\u201cA elei\u00e7\u00e3o como presidente para este mandato \u00e9 um compromisso muito s\u00e9rio. Como escolhido, devo cuidar e zelar para que se respeite o direito de todos os conselheiros de fazer ouvir suas vozes, de se comunicar. Para mim, \u00e9 uma grande responsabilidade assumir este servi\u00e7o ao Congresso Nacional\u201d, disse.<\/p>\n<p style=\"text-align: justify\"><strong>Respeito \u00e0 liberdade de todos<\/strong><\/p>\n<p style=\"text-align: justify\">Quanto \u00e0 quest\u00e3o do proselitismo religioso nas r\u00e1dios e TVs brasileiras, dom Orani recorda que todas as potencialidades humanas devem ser exercidas em favor do bem comum e para a promo\u00e7\u00e3o coletiva e de cada indiv\u00edduo.<\/p>\n<p style=\"text-align: justify\">Nesse sentido, lembra o presidente, que a Constitui\u00e7\u00e3o deve orientar qualquer quest\u00e3o, onde cada segmento da sociedade, seja religioso ou n\u00e3o, \u00e9 chamado a exercer seu direito de comunicar seu pensamento, sempre respeitando aos demais segmentos e \u00e0 liberdade de todos.<\/p>\n<p style=\"text-align: justify\">\u201cN\u00e3o podemos ter cidad\u00e3os de segunda classe sem algum direito, apenas por ter ideias de algum segmento. As leis far\u00e3o sua parte para que sejam respeitados os valores humanos e da liberdade\u201d, pontua dom Orani.<\/p>\n<p style=\"text-align: justify\"><strong>Programa\u00e7\u00e3o de qualidade<\/strong><\/p>\n<p style=\"text-align: justify\">Uma das preocupa\u00e7\u00f5es do novo presidente e, consequentemente, dos telespectadores, \u00e9 a quest\u00e3o da qualidade dos programas veiculados pelas r\u00e1dios e TVs.<\/p>\n<p style=\"text-align: justify\">Dom Orani assinala sobre os riscos das limita\u00e7\u00f5es, como exemplo \u00e9 o caso da TV aberta, pelo fato de que dependem de patroc\u00ednios e da classifica\u00e7\u00e3o de audi\u00eancia. Para ele, o caminho, deve ser o aprimoramento, para oferecer ao povo brasileiro um servi\u00e7o cada vez melhor.<\/p>\n<p style=\"text-align: justify\">\u201cComo nada \u00e9 perfeito, temos produ\u00e7\u00f5es de qualidade duvidosa, mas tamb\u00e9m um n\u00famero significativo de bons programas. Certamente, quanto mais programas promovendo valores como a fam\u00edlia, a educa\u00e7\u00e3o e a promo\u00e7\u00e3o da sa\u00fade e dos valores \u00e9ticos, melhor\u201d, ressaltou.<\/p>\n<p style=\"text-align: justify\"><strong>Marco Regulat\u00f3rio<\/strong><\/p>\n<p style=\"text-align: justify\">A primeira reuni\u00e3o do Conselho est\u00e1 agendada para o dia 3 de setembro, em Bras\u00edlia. Um dos assuntos da pauta, que est\u00e1 sendo cuidadosamente planejada, \u00e9 referente ao Marco Regulat\u00f3rio, dada a sua import\u00e2ncia e a car\u00eancia da legisla\u00e7\u00e3o brasileira nessa \u00e1rea.<\/p>\n<p style=\"text-align: justify\">\u201cO Marco Regulat\u00f3rio deve ser um tema constante em nossos encontros. Mas acredito que a pluralidade de ideias e experi\u00eancias dos membros do Conselho poder\u00e1 somar valiosas contribui\u00e7\u00f5es para a defini\u00e7\u00e3o desse t\u00e3o esperado instrumento de conduta para a nossa m\u00eddia\u201d, lembrou dom Orani.<\/p>\n<p style=\"text-align: justify\"><strong>Experi\u00eancia em comunica\u00e7\u00e3o<\/strong><\/p>\n<p style=\"text-align: justify\">Ainda como padre, na diocese paulista de S\u00e3o Jo\u00e3o da Boa Vista, dom Orani j\u00e1 atuava na \u00e1rea de comunica\u00e7\u00e3o. Depois de ordenado ao episcopado, exerceu v\u00e1rias fun\u00e7\u00f5es de relev\u00e2ncia em \u00e2mbito nacional.<\/p>\n<p style=\"text-align: justify\">Dom Orani lembra que o seu trabalho junto \u00e0 Pastoral da Comunica\u00e7\u00e3o certamente agregou conhecimento e experi\u00eancia, seja do ponto de vista do avan\u00e7o tecnol\u00f3gico, como das expectativas da sociedade plural.<\/p>\n<p style=\"text-align: justify\">\u201cMais do que conhecimento, os cargos exercidos me deram consci\u00eancia da grande import\u00e2ncia do tema e suas potencialidades, tendo em vista a promo\u00e7\u00e3o do bem comum. Eles me ajudaram a ter uma vis\u00e3o global do assunto e das dificuldades que existem nessa disputa, que sup\u00f5e disputa de poder e de influ\u00eancia na sociedade\u201d, concluiu.<\/p>\n","protected":false},"excerpt":{"rendered":"<p>O arcebispo do Rio de Janeiro, dom Orani Jo\u00e3o Tempesta, \u00e9 o novo presidente do Conselho de Comunica\u00e7\u00e3o Social do Congresso Nacional. Escolhido por unanimidade pelos membros do colegiado, a posse aconteceu no \u00faltimo dia 8 de agosto, para um mandato de dois anos. Composto por 13 titulares e 13 suplentes, o Conselho atua como &hellip;<\/p>\n<p class=\"read-more\"> <a class=\"\" href=\"https:\/\/www.cnbb.org.br\/zelar-para-que-se-respeite-o-direito-de-todos-diz-dom-orani-joao-tempesta\/\"> <span class=\"screen-reader-text\">\u201cZelar para que se respeite o direito de todos\u201d, diz dom Orani Jo\u00e3o Tempesta<\/span> Leia mais &raquo;<\/a><\/p>\n","protected":false},"author":83,"featured_media":16999,"comment_status":"open","ping_status":"open","sticky":false,"template":"","format":"standard","meta":{"site-sidebar-layout":"default","site-content-layout":"default","ast-global-header-display":"","ast-banner-title-visibility":"","ast-main-header-display":"","ast-hfb-above-header-display":"","ast-hfb-below-header-display":"","ast-hfb-mobile-header-display":"","site-post-title":"","ast-breadcrumbs-content":"","ast-featured-img":"","footer-sml-layout":"","theme-transparent-header-meta":"","adv-header-id-meta":"","stick-header-meta":"","header-above-stick-meta":"","header-main-stick-meta":"","header-below-stick-meta":""},"categories":[869],"tags":[],"acf":[],"_links":{"self":[{"href":"https:\/\/www.cnbb.org.br\/cnbb-app\/wp\/v2\/posts\/16998"}],"collection":[{"href":"https:\/\/www.cnbb.org.br\/cnbb-app\/wp\/v2\/posts"}],"about":[{"href":"https:\/\/www.cnbb.org.br\/cnbb-app\/wp\/v2\/types\/post"}],"author":[{"embeddable":true,"href":"https:\/\/www.cnbb.org.br\/cnbb-app\/wp\/v2\/users\/83"}],"replies":[{"embeddable":true,"href":"https:\/\/www.cnbb.org.br\/cnbb-app\/wp\/v2\/comments?post=16998"}],"version-history":[{"count":0,"href":"https:\/\/www.cnbb.org.br\/cnbb-app\/wp\/v2\/posts\/16998\/revisions"}],"wp:featuredmedia":[{"embeddable":true,"href":"https:\/\/www.cnbb.org.br\/cnbb-app\/wp\/v2\/media\/16999"}],"wp:attachment":[{"href":"https:\/\/www.cnbb.org.br\/cnbb-app\/wp\/v2\/media?parent=16998"}],"wp:term":[{"taxonomy":"category","embeddable":true,"href":"https:\/\/www.cnbb.org.br\/cnbb-app\/wp\/v2\/categories?post=16998"},{"taxonomy":"post_tag","embeddable":true,"href":"https:\/\/www.cnbb.org.br\/cnbb-app\/wp\/v2\/tags?post=16998"}],"curies":[{"name":"wp","href":"https:\/\/api.w.org\/{rel}","templated":true}]}}