{"id":17036,"date":"2015-04-20T00:00:00","date_gmt":"2015-04-20T03:00:00","guid":{"rendered":"https:\/\/www.cnbb.org.br\/vida-dos-bispos-falecidos-e-exemplo-que-permanece-diz-cardeal-orani\/"},"modified":"2015-04-20T00:00:00","modified_gmt":"2015-04-20T03:00:00","slug":"vida-dos-bispos-falecidos-e-exemplo-que-permanece-diz-cardeal-orani","status":"publish","type":"post","link":"https:\/\/www.cnbb.org.br\/vida-dos-bispos-falecidos-e-exemplo-que-permanece-diz-cardeal-orani\/","title":{"rendered":"&#8220;Suas vidas s\u00e3o para n\u00f3s exemplo que permanece&#8221;, disse cardeal Orani em missa dedicada aos bispos falecidos"},"content":{"rendered":"<p style=\"text-align: justify\"><span style=\"font-size: 12.1599998474121px;line-height: 1.3em\">A missa desta segunda-feira, dia 20, sexto dia da 53\u00aa Assembleia Geral (AG) da Confer\u00eancia Nacional dos Bispos do Brasil (CNBB), foi dedicada aos bispos falecidos. Presidiu a celebra\u00e7\u00e3o o arcebispo do Rio de Janeiro (RJ), cardeal Orani Jo\u00e3o Tempesta, e concelebraram o arcebispo de Cascavel (PR), dom Mauro Aparecido dos Santos, e o bispo de Roraima (RR), dom Roque Paloschi. \u201cSuas vidas, doadas pela causa do Reino e na fidelidade at\u00e9 o fim de seus dias neste mundo, s\u00e3o para n\u00f3s um exemplo que permanece\u201d, afirmou dom Orani ao referir-se aos bispos falecidos desde a 52\u00aa AG, realizada em 2014.<\/span><\/p>\n<p><!--more--><\/p>\n<p style=\"text-align: justify\"><span style=\"font-size: 12.1599998474121px;line-height: 1.3em\">\u201cQuantos nomes e quantas hist\u00f3rias ter\u00edamos para escutar sobre esses nossos irm\u00e3os. Pelos diversos cantos do Brasil eles foram a presen\u00e7a do Cristo Pastor em meio a v\u00e1rias situa\u00e7\u00f5es que enfrentaram no dia-a-dia de seu pastoreio. Hoje pedimos ao Senhor que acolha na gl\u00f3ria esses servos fi\u00e9is para que gozem a vis\u00e3o beatifica na bem aventuran\u00e7a eterna\u201d, acrescentou.\u00a0<\/span><\/p>\n<p style=\"text-align: justify\">Na reflex\u00e3o da liturgia do dia, dom Orani considerou o testemunho apresentado na primeira leitura, dos Atos dos Ap\u00f3stolos. \u201cEstev\u00e3o \u00e9 ousado, um entusiasta. Seu entusiasmo vem do seu encontro com o Senhor. \u00c9 fruto tamb\u00e9m de uma particular compreens\u00e3o do plano de Deus, que previa o an\u00fancio do Evangelho n\u00e3o s\u00f3 em Jerusal\u00e9m, mas at\u00e9 os confins da Terra\u201d, explicou.<\/p>\n<p style=\"text-align: justify\">Sobre o destino de m\u00e1rtir a que Estev\u00e3o se submeteu, cardeal Orani citou os \u201cimportantes frutos\u201d produzidos entre os judeus de l\u00edngua grega e entre os gregos, em uma convers\u00e3o da \u201caparente perda\u201d no ganho \u201cpara que o Evangelho alcance o mundo inteiro\u201d. O arcebispo do Rio de Janeiro recordou os \u201catuais m\u00e1rtires Crist\u00e3os\u201d, mortos por professar sua f\u00e9 em Jesus, e os bispos falecidos. \u201cAo trabalhar na obra de Deus, acreditando naquele que o Pai enviou, recordamos com carinho tantos irm\u00e3os bispos que assim viveram e por Cristo deram suas vidas\u201d, lembrou.<\/p>\n<p style=\"text-align: justify\">Ao refletir sobre as palavras do Evangelho de Jo\u00e3o, foram propostos questionamentos sobre o sentido de trabalhar pelo p\u00e3o \u201calimento que permanece para a vida eterna\u201d. \u201cA figura de Estev\u00e3o e a palavra de Jesus no final do Evangelho de hoje, nos questiona a cada momento sobre o tipo de testemunho que somos chamados a dar nesta mudan\u00e7a de \u00e9poca\u201d, disse.<\/p>\n<p style=\"text-align: justify\">Como sugest\u00e3o, dom Orani citou a proposta do papa Francisco de testemunhar a alegria e a miseric\u00f3rdia \u201cnesses tempos de tantas desilus\u00f5es e cansa\u00e7os\u201d. As implica\u00e7\u00f5es e problemas da realidade n\u00e3o devem causar desespero, mas enfrentados com a coragem de Estev\u00e3o, \u201cque com o rosto de um anjo anunciava os novos tempos, porque acreditou naquele que o Pai enviou e, dessa forma, fazia as obras de Deus\u201d.<\/p>\n<p style=\"text-align: justify\">Mais uma vez foram lembrados os bispos falecidos no \u00faltimo ano, com o agradecimento a Deus por aqueles que \u201cdedicaram suas vidas a distribuir o alimento do p\u00e3o e da palavra ao povo faminto\u201d. \u201cSouberam ver os sinais dos tempos de tal modo que quiseram seguir Jesus, que doaram as pr\u00f3prias vidas no exerc\u00edcio do seu minist\u00e9rio como o gr\u00e3o de trigo, que ao morrer produz muito fruto\u201d.<\/p>\n<p style=\"text-align: justify\">Na mem\u00f3ria dos bispos falecidos, o cardeal Orani pediu que os exemplos dos que partiram edifiquem os membros do episcopado e que \u201cas semeaduras que lan\u00e7aram \u00e0 terra ainda prossigam frutificando para a gl\u00f3ria de Deus e o bem da sua Igreja\u201d. Ao final, fez uma ora\u00e7\u00e3o de agradecimento:<\/p>\n<p style=\"text-align: justify\"><em>Obrigado, Senhor, pelas testemunhas corajosas e ousadas que continuas a enviar \u00e0 tua Igreja.<\/em><br \/>\n<em> Obrigado pelos profetas inc\u00f4modos, uns e outros sacodem advers\u00e1rios e amigos dentro e fora de nossos ambientes, provocam a difus\u00e3o do Evangelho em meios onde n\u00e3o pareceria poss\u00edvel penetrar.<\/em><br \/>\n<em> D\u00e1-nos coragem para enfrentarmos decididamente incompreens\u00f5es e mal-entendidos por causa do teu nome.<\/em><br \/>\n<em> D\u00e1-nos for\u00e7a para nos lan\u00e7armos a caminhos n\u00e3o andados, porque o Teu Evangelho h\u00e1 de chegar aos confins da terra.<\/em><br \/>\n<strong><em> Am\u00e9m<\/em><\/strong><\/p>\n<p style=\"text-align: justify\">\n<p style=\"text-align: justify\">Saiba quais foram os bispos falecidos desde a \u00faltima Assembleia Geral da CNBB:<\/p>\n<p style=\"text-align: justify\"><span style=\"font-size: 12.1599998474121px;line-height: 1.3em\"><a href=\"imprensa-1\/noticias\/14187-morre-dom-homero-bispo-emerito-de-irece-ba\" target=\"_blank\" rel=\"noopener noreferrer\">Dom Homero Leite Meira<\/a> &#8211; Irec\u00ea (BA) \u2013 08\/05\/2014\u00a0<\/span><\/p>\n<p style=\"text-align: justify\"><a href=\"imprensa-1\/noticias\/14213-dom-celso-pereira-de-almeida-morre-aos-86-anos\" target=\"_blank\" rel=\"noopener noreferrer\">Dom Celso Pereira de Almeida<\/a> \u2013 Itumbiara (GO) &#8211; 11\/05\/2014<\/p>\n<p style=\"text-align: justify\"><a href=\"imprensa-1\/noticias\/14217-faleceu-dom-altamiro-rossato\" target=\"_blank\" rel=\"noopener noreferrer\">Dom Altamiro Rossato<\/a> &#8211; Porto Alegre (RS) &#8211; 13\/05\/2014<\/p>\n<p style=\"text-align: justify\"><a href=\"imprensa-1\/noticias\/14397-morre-dom-vital-wilderink-aos-83-anos\" target=\"_blank\" rel=\"noopener noreferrer\">Dom Vital Jo\u00e3o Geraldo Willderinck<\/a> \u2013 Itagua\u00ed (RJ) \u2013 11\/06\/2014<\/p>\n<p style=\"text-align: justify\"><a href=\"imprensa-1\/noticias\/14467-faleceu-dom-moacyr-jose-vitti-arcebispo-de-curitiba\" target=\"_blank\" rel=\"noopener noreferrer\">Dom Moacyr Jos\u00e9 Viiti<\/a> \u2013 Curitiba (PR) &#8211; 26\/06\/2014<\/p>\n<p style=\"text-align: justify\"><a href=\"imprensa-1\/14522-morre-estanislau-amadeu-kreutz-bispo-emerito-de-santo-angelo\" target=\"_blank\" rel=\"noopener noreferrer\">Dom Estanislau Amadeu Kreutz<\/a> \u2013 Santo \u00c2ngelo (RS) \u2013 06\/07\/2014<\/p>\n<p style=\"text-align: justify\"><a href=\"imprensa-1\/noticias\/14640-faleceu-dom-spirdon-mattar\" target=\"_blank\" rel=\"noopener noreferrer\">Dom Spiridon Mattar<\/a> &#8211; Eparquia de\u00a0Nossa Senhora do Para\u00edso em S\u00e3o Paulo dos Greco-Melquitas (SP)\u00a0&#8211; 26-07\/2014<\/p>\n<p style=\"text-align: justify\"><a href=\"imprensa-1\/alteracao-no-episcopado\/14688-morre-aos-93-anos-dom-benedicto-ulhoa-vieira\" target=\"_blank\" rel=\"noopener noreferrer\">Dom Benedicto Ulh\u00f4a Vieira<\/a> \u2013 Uberaba (MG) \u2013 03\/08\/2014<\/p>\n<p style=\"text-align: justify\"><a href=\"imprensa-1\/alteracao-no-episcopado\/14742-morre-dom-armando-cirio-aos-98-anos\" target=\"_blank\" rel=\"noopener noreferrer\">Dom Armando C\u00edrio<\/a> \u2013 Cascavel (PR) \u2013 11\/08\/2014<\/p>\n<p style=\"text-align: justify\"><a href=\"regionais\/norte-1\/14956-faleceu-dom-servilio-conti-bispo-emerito-de-roraima\" target=\"_blank\" rel=\"noopener noreferrer\">Dom Serv\u00edlio Conti<\/a> \u2013 Roraima (RR) \u2013 14\/09\/2014<\/p>\n<p style=\"text-align: justify\"><a href=\"regionais\/leste-1\/15161-morre-aos-86-anos-dom-joao-corso\" target=\"_blank\" rel=\"noopener noreferrer\">Dom Jo\u00e3o Corso<\/a> &#8211; Campos (RS) \u2013 15\/10\/2014<\/p>\n<p style=\"text-align: justify\"><a href=\"imprensa-1\/noticias\/15260-faleceu-dom-alberto-johannes-foerst\" target=\"_parent\" rel=\"noopener noreferrer\">Dom Alberto Johannes F\u00f6rst<\/a>\u00a0&#8211; Dourados (MS) \u2013 01\/11\/2014<\/p>\n<p style=\"text-align: justify\">Dom\u00a0<a href=\"imprensa-1\/alteracao-no-episcopado\/15457-morre-aos-84-anos-o-missionario-dom-alfredo-novak\" target=\"_blank\" rel=\"noopener noreferrer\">Alfredo Ernest Novak<\/a> \u2013 Paranagu\u00e1 (PR) \u2013 04\/12\/2014<\/p>\n<p style=\"text-align: justify\"><a href=\"imprensa-1\/15770-morre-aos-78-anos-dom-jose-martins-da-silva\" target=\"_blank\" rel=\"noopener noreferrer\">Dom Jos\u00e9 Martins da Silva<\/a> \u2013 Porto Velho (RO) \u2013 29\/01\/2015<\/p>\n<p style=\"text-align: justify\"><a href=\"regionais\/sul-2\/16235-morre-o-bispo-de-paranagua-dom-joao-alves-dos-santos\">Dom Jo\u00e3o Alves dos Santos<\/a> \u2013 Paranagu\u00e1 (PR) \u2013 09\/04\/2015<\/p>\n<p style=\"text-align: justify\"><a href=\"imprensa-1\/noticias\/16257-morre-dom-alberto-guimaraes-rezende-aos-88-anos\">Dom Antonio Alberto Guimar\u00e3es Rezende<\/a> \u2013 Caetit\u00e9 (BA) \u2013 13\/04\/2015<\/p>\n<p>&nbsp;<\/p>\n<p>&nbsp;<\/p>\n<p>&nbsp;<\/p>\n","protected":false},"excerpt":{"rendered":"<p>A missa desta segunda-feira, dia 20, sexto dia da 53\u00aa Assembleia Geral (AG) da Confer\u00eancia Nacional dos Bispos do Brasil (CNBB), foi dedicada aos bispos falecidos. Presidiu a celebra\u00e7\u00e3o o arcebispo do Rio de Janeiro (RJ), cardeal Orani Jo\u00e3o Tempesta, e concelebraram o arcebispo de Cascavel (PR), dom Mauro Aparecido dos Santos, e o bispo &hellip;<\/p>\n<p class=\"read-more\"> <a class=\"\" href=\"https:\/\/www.cnbb.org.br\/vida-dos-bispos-falecidos-e-exemplo-que-permanece-diz-cardeal-orani\/\"> <span class=\"screen-reader-text\">&#8220;Suas vidas s\u00e3o para n\u00f3s exemplo que permanece&#8221;, disse cardeal Orani em missa dedicada aos bispos falecidos<\/span> Leia mais &raquo;<\/a><\/p>\n","protected":false},"author":83,"featured_media":17037,"comment_status":"open","ping_status":"open","sticky":false,"template":"","format":"standard","meta":{"site-sidebar-layout":"default","site-content-layout":"default","ast-global-header-display":"","ast-banner-title-visibility":"","ast-main-header-display":"","ast-hfb-above-header-display":"","ast-hfb-below-header-display":"","ast-hfb-mobile-header-display":"","site-post-title":"","ast-breadcrumbs-content":"","ast-featured-img":"","footer-sml-layout":"","theme-transparent-header-meta":"","adv-header-id-meta":"","stick-header-meta":"","header-above-stick-meta":"","header-main-stick-meta":"","header-below-stick-meta":""},"categories":[869],"tags":[],"acf":[],"_links":{"self":[{"href":"https:\/\/www.cnbb.org.br\/cnbb-app\/wp\/v2\/posts\/17036"}],"collection":[{"href":"https:\/\/www.cnbb.org.br\/cnbb-app\/wp\/v2\/posts"}],"about":[{"href":"https:\/\/www.cnbb.org.br\/cnbb-app\/wp\/v2\/types\/post"}],"author":[{"embeddable":true,"href":"https:\/\/www.cnbb.org.br\/cnbb-app\/wp\/v2\/users\/83"}],"replies":[{"embeddable":true,"href":"https:\/\/www.cnbb.org.br\/cnbb-app\/wp\/v2\/comments?post=17036"}],"version-history":[{"count":0,"href":"https:\/\/www.cnbb.org.br\/cnbb-app\/wp\/v2\/posts\/17036\/revisions"}],"wp:featuredmedia":[{"embeddable":true,"href":"https:\/\/www.cnbb.org.br\/cnbb-app\/wp\/v2\/media\/17037"}],"wp:attachment":[{"href":"https:\/\/www.cnbb.org.br\/cnbb-app\/wp\/v2\/media?parent=17036"}],"wp:term":[{"taxonomy":"category","embeddable":true,"href":"https:\/\/www.cnbb.org.br\/cnbb-app\/wp\/v2\/categories?post=17036"},{"taxonomy":"post_tag","embeddable":true,"href":"https:\/\/www.cnbb.org.br\/cnbb-app\/wp\/v2\/tags?post=17036"}],"curies":[{"name":"wp","href":"https:\/\/api.w.org\/{rel}","templated":true}]}}