{"id":17038,"date":"2015-04-20T00:00:00","date_gmt":"2015-04-20T03:00:00","guid":{"rendered":"https:\/\/www.cnbb.org.br\/cnbb-convida-a-imprensa-para-entrevista-coletiva-6-dia\/"},"modified":"2015-04-20T00:00:00","modified_gmt":"2015-04-20T03:00:00","slug":"cnbb-convida-a-imprensa-para-entrevista-coletiva-6-dia","status":"publish","type":"post","link":"https:\/\/www.cnbb.org.br\/cnbb-convida-a-imprensa-para-entrevista-coletiva-6-dia\/","title":{"rendered":"CNBB convida a imprensa para entrevista coletiva &#8211; 6\u00ba Dia"},"content":{"rendered":"<p style=\"text-align: justify\" align=\"center\"><span style=\"font-size: 12.1599998474121px;line-height: 1.3em\">A Confer\u00eancia Nacional dos Bispos do Brasil (CNBB) convida a imprensa para entrevista coletiva, nesta segunda, 20 de abril, \u00e0s 15 horas, no Centro de Eventos Padre V\u00edtor Coelho, em Aparecida (SP).\u00a0<\/span><span style=\"font-size: 12.1599998474121px;line-height: 1.3em\">Atender\u00e3o a imprensa o arcebispo de Mariana (MG), dom Geraldo Lyrio Rocha, que recordar\u00e1 os trabalhos realizados no Retiro dos Bispos e abordar\u00e1 as quest\u00f5es lit\u00fargicas presentes nos debates da Assembleia; o arcebispo de Salvador (BA) e primaz do Brasil, dom Murilo Sebasti\u00e3o Krieger, que falar\u00e1 sobre o D\u00edzimo; arcebispo de Palmas (TO), dom Pedro Brito Guimar\u00e3es, que apresentar\u00e1 os encaminhamentos da Escola de Formadores de Presb\u00edteros, rec\u00e9m criada pela CNBB.<\/span><\/p>\n<p><!--more--><\/p>\n<p style=\"text-align: justify\" align=\"center\">\n<p style=\"text-align: justify\"><strong style=\"font-size: 12.1599998474121px;line-height: 1.3em\">Servi\u00e7o:<\/strong><span style=\"font-size: 12.1599998474121px;line-height: 1.3em\">\u00a0Entrevista Coletiva \u00e0 Imprensa<\/span><\/p>\n<p style=\"text-align: justify\"><strong>Assuntos:<\/strong>\u00a0D\u00edzimo, \u00a0Quest\u00f5es Lit\u00fargicas e Escola de Formadores de Presb\u00edteros<\/p>\n<p style=\"text-align: justify\"><strong style=\"font-size: 12.1599998474121px;line-height: 1.3em\"><span style=\"text-decoration: underline\">Bispos:<\/span><\/strong><\/p>\n<p style=\"text-align: justify\"><strong style=\"font-size: 12.1599998474121px;line-height: 1.3em\">Dom Geraldo Lyrio Rocha<\/strong><span style=\"font-size: 12.1599998474121px;line-height: 1.3em\">, arcebispo de Mariana (MG)<\/span><\/p>\n<p style=\"text-align: justify\"><strong>Dom Murilo Sebasti\u00e3o Krieger<\/strong>, arcebispo de Salvador (BA) e Primaz do Brasil<\/p>\n<p style=\"text-align: justify\"><strong>Dom Pedro Brito Guimar\u00e3es<\/strong>, arcebispo de Palmas (TO)<\/p>\n<p style=\"text-align: justify\"><strong style=\"font-size: 12.1599998474121px;line-height: 1.3em\">Informa\u00e7\u00f5es<\/strong><\/p>\n<p style=\"text-align: justify\">Hor\u00e1rio: 15h &#8211; Local: Sala de Coletiva \/ Centro de Eventos Pe. V\u00edtor Coelho<\/p>\n<p style=\"text-align: justify\">Transmiss\u00e3o, ao vivo, pela internet\u00a0<a href=\"http:\/\/www.a12.com\/\" target=\"_blank\" rel=\"noopener noreferrer\">www.a12.com<\/a><\/p>\n<p style=\"text-align: justify\">Assessoria de Imprensa da CNBB &#8211; (12) 3104-3486 \/ (61) 8119-3762<\/p>\n<p style=\"text-align: justify\"><strong>Coordena\u00e7\u00e3o:<\/strong>\u00a0Eliane Muniz<br \/>\n<strong>Jornalistas:<\/strong>\u00a0Isabela Moment\u00e9, Paulo Giraldi, Maur\u00edcio Sant\u00b4Anna, Andr\u00e9a Moroni e Pe. Rafael Vieira.<\/p>\n<p style=\"text-align: justify\">Acompanhe a Assembleia Geral nas redes sociais<\/p>\n<p style=\"text-align: justify\"><strong>Galeria de Fotos: Flickr: <\/strong><a href=\"https:\/\/www.flickr.com\/photos\/cnbbnacional\/sets\/72157649659710673\/\" target=\"_blank\" rel=\"noopener\">https:\/\/www.flickr.com\/photos\/cnbbnacional\/sets\/72157649659710673\/<\/a><\/p>\n<div style=\"text-align: justify\">\n<p><strong style=\"font-size: 12.1599998474121px;line-height: 1.3em\">Email:<\/strong><span style=\"font-size: 12.1599998474121px;line-height: 1.3em\">\u00a0<\/span><a style=\"font-size: 12.1599998474121px;line-height: 1.3em\" href=\"mailto:imprensa@cnbb.org.br\">imprensa@cnbb.org.br<\/a><span style=\"font-size: 12.1599998474121px;line-height: 1.3em\">\u00a0\u00a0Facebook:<\/span><strong style=\"font-size: 12.1599998474121px;line-height: 1.3em\"> CNBBnacional <\/strong><span style=\"font-size: 12.1599998474121px;line-height: 1.3em\">\/ Twitter: <\/span><strong style=\"font-size: 12.1599998474121px;line-height: 1.3em\">@cnbbnacional<\/strong><span style=\"font-size: 12.1599998474121px;line-height: 1.3em\">\u00a0<\/span><\/p>\n<\/div>\n<p style=\"text-align: justify\">\n","protected":false},"excerpt":{"rendered":"<p>A Confer\u00eancia Nacional dos Bispos do Brasil (CNBB) convida a imprensa para entrevista coletiva, nesta segunda, 20 de abril, \u00e0s 15 horas, no Centro de Eventos Padre V\u00edtor Coelho, em Aparecida (SP).\u00a0Atender\u00e3o a imprensa o arcebispo de Mariana (MG), dom Geraldo Lyrio Rocha, que recordar\u00e1 os trabalhos realizados no Retiro dos Bispos e abordar\u00e1 as &hellip;<\/p>\n<p class=\"read-more\"> <a class=\"\" href=\"https:\/\/www.cnbb.org.br\/cnbb-convida-a-imprensa-para-entrevista-coletiva-6-dia\/\"> <span class=\"screen-reader-text\">CNBB convida a imprensa para entrevista coletiva &#8211; 6\u00ba Dia<\/span> Leia mais &raquo;<\/a><\/p>\n","protected":false},"author":83,"featured_media":17035,"comment_status":"open","ping_status":"open","sticky":false,"template":"","format":"standard","meta":{"site-sidebar-layout":"default","site-content-layout":"default","ast-global-header-display":"","ast-banner-title-visibility":"","ast-main-header-display":"","ast-hfb-above-header-display":"","ast-hfb-below-header-display":"","ast-hfb-mobile-header-display":"","site-post-title":"","ast-breadcrumbs-content":"","ast-featured-img":"","footer-sml-layout":"","theme-transparent-header-meta":"","adv-header-id-meta":"","stick-header-meta":"","header-above-stick-meta":"","header-main-stick-meta":"","header-below-stick-meta":""},"categories":[869],"tags":[],"acf":[],"_links":{"self":[{"href":"https:\/\/www.cnbb.org.br\/cnbb-app\/wp\/v2\/posts\/17038"}],"collection":[{"href":"https:\/\/www.cnbb.org.br\/cnbb-app\/wp\/v2\/posts"}],"about":[{"href":"https:\/\/www.cnbb.org.br\/cnbb-app\/wp\/v2\/types\/post"}],"author":[{"embeddable":true,"href":"https:\/\/www.cnbb.org.br\/cnbb-app\/wp\/v2\/users\/83"}],"replies":[{"embeddable":true,"href":"https:\/\/www.cnbb.org.br\/cnbb-app\/wp\/v2\/comments?post=17038"}],"version-history":[{"count":0,"href":"https:\/\/www.cnbb.org.br\/cnbb-app\/wp\/v2\/posts\/17038\/revisions"}],"wp:featuredmedia":[{"embeddable":true,"href":"https:\/\/www.cnbb.org.br\/cnbb-app\/wp\/v2\/media\/17035"}],"wp:attachment":[{"href":"https:\/\/www.cnbb.org.br\/cnbb-app\/wp\/v2\/media?parent=17038"}],"wp:term":[{"taxonomy":"category","embeddable":true,"href":"https:\/\/www.cnbb.org.br\/cnbb-app\/wp\/v2\/categories?post=17038"},{"taxonomy":"post_tag","embeddable":true,"href":"https:\/\/www.cnbb.org.br\/cnbb-app\/wp\/v2\/tags?post=17038"}],"curies":[{"name":"wp","href":"https:\/\/api.w.org\/{rel}","templated":true}]}}