{"id":17050,"date":"2015-10-29T00:00:00","date_gmt":"2015-10-29T02:00:00","guid":{"rendered":"https:\/\/www.cnbb.org.br\/presidencia-da-cnbb-concedera-entrevista-coletiva-a-imprensa-as-11h\/"},"modified":"2015-10-29T00:00:00","modified_gmt":"2015-10-29T02:00:00","slug":"presidencia-da-cnbb-concedera-entrevista-coletiva-a-imprensa-as-11h","status":"publish","type":"post","link":"https:\/\/www.cnbb.org.br\/presidencia-da-cnbb-concedera-entrevista-coletiva-a-imprensa-as-11h\/","title":{"rendered":"Presid\u00eancia da CNBB concede entrevista coletiva \u00e0 imprensa"},"content":{"rendered":"<p style=\"text-align: justify\">A reuni\u00e3o do Conselho Permanente teve in\u00edcio na ter\u00e7a-feira, 27 de outubro, na sede Confer\u00eancia<\/p>\n<p><!--more--><\/p>\n<p style=\"text-align: justify\">\nA Presid\u00eancia da Confer\u00eancia Nacional dos Bispos do Brasil (CNBB) \u00a0concede entrevista coletiva, nesta quinta-feira, 29 de outubro, \u00e0s 11h, na sede da institui\u00e7\u00e3o, em Bras\u00edlia.\u00a0Na ocasi\u00e3o, ser\u00e1 divulgada a nota sobre a Realidade Sociopol\u00edtica Brasileira: dificuldades e oportunidades. O texto foi aprovado pelo Conselho Permanente da CNBB, durante reuni\u00e3o realizada de 27 a 29 deste m\u00eas, em Bras\u00edlia.<\/p>\n<p style=\"text-align: justify\">Atender\u00e1 a imprensa a Presid\u00eancia da CNBB, constitu\u00edda pelo arcebispo de Bras\u00edlia e presidente, dom Sergio da Rocha; pelo arcebispo de Salvador e vice-presidente, dom Murilo Sebasti\u00e3o Krieger; pelo bispo auxiliar de Bras\u00edlia e secret\u00e1rio geral, dom Leonardo Steiner.<\/p>\n<p style=\"text-align: justify\"><strong>Servi\u00e7o:<\/strong><\/p>\n<p style=\"text-align: justify\">Coletiva de Imprensa com a Presid\u00eancia da CNBB<\/p>\n<p style=\"text-align: justify\">Assunto: Nota sobre Realidade Sociopol\u00edtica Brasileira<\/p>\n<p style=\"text-align: justify\"><strong>Presen\u00e7as:<\/strong><\/p>\n<p style=\"text-align: justify\">1. \u00a0 Dom Sergio da Rocha, arcebispo de Bras\u00edlia (DF) e presidente da CNBB<\/p>\n<p style=\"text-align: justify\">2. \u00a0 Dom Murilo Sebasti\u00e3o Krieger, arcebispo de Salvador (BA) e vice-presidente da CNBB<\/p>\n<p style=\"text-align: justify\">3. \u00a0 Dom Leonardo Ulrich Steiner, bispo auxiliar de Bras\u00edlia (DF) e secret\u00e1rio geral da CNBB<\/p>\n<p style=\"text-align: justify\">Data: Quinta-feira, 29 de outubro de 2015 &#8211; Hora: 11h<\/p>\n<p style=\"text-align: justify\">Informa\u00e7\u00f5es: (61) 2103-8313.<\/p>\n","protected":false},"excerpt":{"rendered":"<p>A reuni\u00e3o do Conselho Permanente teve in\u00edcio na ter\u00e7a-feira, 27 de outubro, na sede Confer\u00eancia<\/p>\n","protected":false},"author":83,"featured_media":7270,"comment_status":"open","ping_status":"open","sticky":false,"template":"","format":"standard","meta":{"site-sidebar-layout":"default","site-content-layout":"default","ast-global-header-display":"","ast-banner-title-visibility":"","ast-main-header-display":"","ast-hfb-above-header-display":"","ast-hfb-below-header-display":"","ast-hfb-mobile-header-display":"","site-post-title":"","ast-breadcrumbs-content":"","ast-featured-img":"","footer-sml-layout":"","theme-transparent-header-meta":"","adv-header-id-meta":"","stick-header-meta":"","header-above-stick-meta":"","header-main-stick-meta":"","header-below-stick-meta":""},"categories":[869],"tags":[],"acf":[],"_links":{"self":[{"href":"https:\/\/www.cnbb.org.br\/cnbb-app\/wp\/v2\/posts\/17050"}],"collection":[{"href":"https:\/\/www.cnbb.org.br\/cnbb-app\/wp\/v2\/posts"}],"about":[{"href":"https:\/\/www.cnbb.org.br\/cnbb-app\/wp\/v2\/types\/post"}],"author":[{"embeddable":true,"href":"https:\/\/www.cnbb.org.br\/cnbb-app\/wp\/v2\/users\/83"}],"replies":[{"embeddable":true,"href":"https:\/\/www.cnbb.org.br\/cnbb-app\/wp\/v2\/comments?post=17050"}],"version-history":[{"count":0,"href":"https:\/\/www.cnbb.org.br\/cnbb-app\/wp\/v2\/posts\/17050\/revisions"}],"wp:featuredmedia":[{"embeddable":true,"href":"https:\/\/www.cnbb.org.br\/cnbb-app\/wp\/v2\/media\/7270"}],"wp:attachment":[{"href":"https:\/\/www.cnbb.org.br\/cnbb-app\/wp\/v2\/media?parent=17050"}],"wp:term":[{"taxonomy":"category","embeddable":true,"href":"https:\/\/www.cnbb.org.br\/cnbb-app\/wp\/v2\/categories?post=17050"},{"taxonomy":"post_tag","embeddable":true,"href":"https:\/\/www.cnbb.org.br\/cnbb-app\/wp\/v2\/tags?post=17050"}],"curies":[{"name":"wp","href":"https:\/\/api.w.org\/{rel}","templated":true}]}}