{"id":17084,"date":"2008-10-10T00:00:00","date_gmt":"2008-10-10T03:00:00","guid":{"rendered":"https:\/\/www.cnbb.org.br\/a-posicoes-e-respostas-da-igreja-no-brasil-diante-dos-desafios-populacionais-e-da-pobreza\/"},"modified":"2008-10-10T00:00:00","modified_gmt":"2008-10-10T03:00:00","slug":"a-posicoes-e-respostas-da-igreja-no-brasil-diante-dos-desafios-populacionais-e-da-pobreza","status":"publish","type":"post","link":"https:\/\/www.cnbb.org.br\/a-posicoes-e-respostas-da-igreja-no-brasil-diante-dos-desafios-populacionais-e-da-pobreza\/","title":{"rendered":"A Posi\u00e7\u00f5es e respostas da Igreja no Brasil diante dos desafios populacionais e da pobreza"},"content":{"rendered":"<p style=\"text-align: justify\">\u201cO Episcopado do Brasil j\u00e1 desde muitos anos numa atitude profundamente realista, tem se preocupado com todas as transforma\u00e7\u00f5es sociais do pa\u00eds e n\u00e3o s\u00f3 tem se<\/p>\n<p>  <!--more-->  <\/p>\n<p style=\"text-align: justify\">preocupado mas tamb\u00e9m procurado dar a sua colabora\u00e7\u00e3o. Se n\u00f3s por exemplo, examinarmos friamente estes \u00faltimos vinte e cinco anos n\u00f3s vamos encontrar al\u00e9m de numerosas cartas pastorais, mensagens e declara\u00e7\u00f5es do Episcopado neste sentido e mesmo algumas pastorais coletivas. Para n\u00e3o citar por exemplo os v\u00e1rios encontros de Bispos em plano regional, como dos prelados da Amaz\u00f4nia, os dois encontros de Bispos do nordeste, o encontro dos Bispos do Vale do Rio Doce, do Vale do Rio S\u00e3o Francisco, o encontro do Episcopado Paulista para tratar da quest\u00e3o da revis\u00e3o agr\u00e1ria do estado de S\u00e3o Paulo, e assim nestes grandes momentos o Episcopado sempre esteve presente e prestou a sua colabora\u00e7\u00e3o e n\u00e3o apenas em encontros, mas tamb\u00e9m em grande n\u00famero de realiza\u00e7\u00f5es concretas\u201d. Este \u00e9 um trecho da entrevista feita pelo servi\u00e7o de comunica\u00e7\u00e3o eclesial &#8211; TELEPAX -, com o Pe. Raimundo Caramuru de Barros, ent\u00e3o respons\u00e1vel pelo Departamento de pastoral da CNBB, em 9 de mar\u00e7o de 19661. Serve para ilustrar a sempre ativa participa\u00e7\u00e3o da Igreja no Brasil na transforma\u00e7\u00e3o social, no combate \u00e0 fome e \u00e0 mis\u00e9ria.<\/p>\n<p style=\"text-align: justify\">Considerando a amplitude do t\u00edtulo desta confer\u00eancia, creio que \u00e9 bom delimitar bem minha reflex\u00e3o, evitando grandes expectativas. Na realidade, os desafios populacionais s\u00f3 ser\u00e3o abordados via indireta, pois me concentrarei na quest\u00e3o da pobreza. Tamb\u00e9m quero deixar claro que n\u00e3o me sinto capaz de falar da totalidade das a\u00e7\u00f5es eclesiais no Brasil frente \u00e0 quest\u00e3o da pobreza, mas apenas de algumas iniciativas mais ligadas \u00e0 Confer\u00eancia Nacional dos Bispos do Brasil, e num tempo bem delimitado, a partir do Conc\u00edlio Vaticano II.<\/p>\n<p style=\"text-align: justify\">Como uma pesquisa de amostragem, espero que os dados abordados nesta nossa fala possam servir para algumas generaliza\u00e7\u00f5es que nos permitam ver uma face da Igreja no Brasil.<\/p>\n<h3 style=\"text-align: justify\"><a href=\"http:\/\/cnbbjoomla.sitesparresia.com\/wp-content\/uploads\/sites\/85\/2008\/10\/files_48651ab891a0c.pdf\" target=\"_blank\" rel=\"noopener\">Leia a \u00edntegra do documento.<\/a><\/h3>\n","protected":false},"excerpt":{"rendered":"<p>\u201cO Episcopado do Brasil j\u00e1 desde muitos anos numa atitude profundamente realista, tem se preocupado com todas as transforma\u00e7\u00f5es sociais do pa\u00eds e n\u00e3o s\u00f3 tem se<\/p>\n","protected":false},"author":83,"featured_media":0,"comment_status":"open","ping_status":"open","sticky":false,"template":"","format":"standard","meta":{"site-sidebar-layout":"default","site-content-layout":"default","ast-global-header-display":"","ast-banner-title-visibility":"","ast-main-header-display":"","ast-hfb-above-header-display":"","ast-hfb-below-header-display":"","ast-hfb-mobile-header-display":"","site-post-title":"","ast-breadcrumbs-content":"","ast-featured-img":"","footer-sml-layout":"","theme-transparent-header-meta":"","adv-header-id-meta":"","stick-header-meta":"","header-above-stick-meta":"","header-main-stick-meta":"","header-below-stick-meta":""},"categories":[841],"tags":[],"acf":[],"_links":{"self":[{"href":"https:\/\/www.cnbb.org.br\/cnbb-app\/wp\/v2\/posts\/17084"}],"collection":[{"href":"https:\/\/www.cnbb.org.br\/cnbb-app\/wp\/v2\/posts"}],"about":[{"href":"https:\/\/www.cnbb.org.br\/cnbb-app\/wp\/v2\/types\/post"}],"author":[{"embeddable":true,"href":"https:\/\/www.cnbb.org.br\/cnbb-app\/wp\/v2\/users\/83"}],"replies":[{"embeddable":true,"href":"https:\/\/www.cnbb.org.br\/cnbb-app\/wp\/v2\/comments?post=17084"}],"version-history":[{"count":0,"href":"https:\/\/www.cnbb.org.br\/cnbb-app\/wp\/v2\/posts\/17084\/revisions"}],"wp:attachment":[{"href":"https:\/\/www.cnbb.org.br\/cnbb-app\/wp\/v2\/media?parent=17084"}],"wp:term":[{"taxonomy":"category","embeddable":true,"href":"https:\/\/www.cnbb.org.br\/cnbb-app\/wp\/v2\/categories?post=17084"},{"taxonomy":"post_tag","embeddable":true,"href":"https:\/\/www.cnbb.org.br\/cnbb-app\/wp\/v2\/tags?post=17084"}],"curies":[{"name":"wp","href":"https:\/\/api.w.org\/{rel}","templated":true}]}}