{"id":17120,"date":"2010-02-05T00:00:00","date_gmt":"2010-02-05T02:00:00","guid":{"rendered":"https:\/\/www.cnbb.org.br\/mudancas-de-epoca-sao-periodos-libertadores-diz-teologo\/"},"modified":"2010-02-05T00:00:00","modified_gmt":"2010-02-05T02:00:00","slug":"mudancas-de-epoca-sao-periodos-libertadores-diz-teologo","status":"publish","type":"post","link":"https:\/\/www.cnbb.org.br\/mudancas-de-epoca-sao-periodos-libertadores-diz-teologo\/","title":{"rendered":"Mudan\u00e7as de \u00e9poca s\u00e3o per\u00edodos libertadores, diz te\u00f3logo"},"content":{"rendered":"<p style=\"text-align: justify\">Uma Igreja em mudan\u00e7a de \u00e9poca. Este foi o tema da palestra proferida pelo te\u00f3logo, padre Joel Portela, na tarde desta sexta-feira, 5, no 13\u00ba Encontro Nacional de Presb\u00edteros (ENP), em Itaci, munic\u00edpio de Indaiatuba (SP).<\/p>\n<p>  <!--more-->  <\/p>\n<p style=\"text-align: justify\">\u201cAs mudan\u00e7as de \u00e9poca sacolejam a realidade, desarrumando compreens\u00f5es e reajeitando as hierarquias de valores e os lugares socioculturais das inst\u00e2ncias e institui\u00e7\u00f5es\u201d, afirma o te\u00f3logo.<\/p>\n<p style=\"text-align: justify\">Segundo padre Joel, as mudan\u00e7as modificam o peso do papel social que cada um possui. \u201cMuda, portanto, o lugar social da Igreja. Muda tamb\u00e9m o lugar social dos presb\u00edteros\u201d, completa.<\/p>\n<p style=\"text-align: justify\">\u201cPerdemos muito do papel social de destaque que, em tempos de cristandade, t\u00ednhamos. Hoje, nossa fragilidade aparece com maior clareza, exigindo de n\u00f3s maior testemunho e, mais ainda, maior confian\u00e7a n\u2019Aquele que nos vocacionou\u201d, conclui o te\u00f3logo.<\/p>\n<p style=\"text-align: justify\">Ainda de acordo com padre Joel, as mudan\u00e7as de \u00e9poca \u201cs\u00e3o per\u00edodos profundamente libertadores\u201d.<\/p>\n<p style=\"text-align: justify\">O ENP teve in\u00edcio na quarta-feira, 3, e re\u00fane mais de 500 padres e 12 bispos. A programa\u00e7\u00e3o se estende at\u00e9 o dia 9 e deve concluir com uma mensagem aos padres de todo o Brasil. Amanh\u00e3, 6, os padres far\u00e3o uma Romaria ao Santu\u00e1rio Nacional de Aparecida, em Aparecida (SP). A Romaria faz parte das comemora\u00e7\u00f5es do Ano Sacerdotal, proclamado pelo papa Bento XVI no ano passado.<\/p>\n<h4 style=\"text-align: justify\"><a href=\"http:\/\/cnbbjoomla.sitesparresia.com\/wp-content\/uploads\/sites\/85\/2010\/02\/13enppejoelportela.pdf\" target=\"_blank\" rel=\"noopener\">Leia aqui a \u00edntegra da palestra do padre Joel.<\/a><\/h4>\n","protected":false},"excerpt":{"rendered":"<p>Uma Igreja em mudan\u00e7a de \u00e9poca. Este foi o tema da palestra proferida pelo te\u00f3logo, padre Joel Portela, na tarde desta sexta-feira, 5, no 13\u00ba Encontro Nacional de Presb\u00edteros (ENP), em Itaci, munic\u00edpio de Indaiatuba (SP).<\/p>\n","protected":false},"author":83,"featured_media":17121,"comment_status":"open","ping_status":"open","sticky":false,"template":"","format":"standard","meta":{"site-sidebar-layout":"default","site-content-layout":"default","ast-global-header-display":"","ast-banner-title-visibility":"","ast-main-header-display":"","ast-hfb-above-header-display":"","ast-hfb-below-header-display":"","ast-hfb-mobile-header-display":"","site-post-title":"","ast-breadcrumbs-content":"","ast-featured-img":"","footer-sml-layout":"","theme-transparent-header-meta":"","adv-header-id-meta":"","stick-header-meta":"","header-above-stick-meta":"","header-main-stick-meta":"","header-below-stick-meta":""},"categories":[841],"tags":[],"acf":[],"_links":{"self":[{"href":"https:\/\/www.cnbb.org.br\/cnbb-app\/wp\/v2\/posts\/17120"}],"collection":[{"href":"https:\/\/www.cnbb.org.br\/cnbb-app\/wp\/v2\/posts"}],"about":[{"href":"https:\/\/www.cnbb.org.br\/cnbb-app\/wp\/v2\/types\/post"}],"author":[{"embeddable":true,"href":"https:\/\/www.cnbb.org.br\/cnbb-app\/wp\/v2\/users\/83"}],"replies":[{"embeddable":true,"href":"https:\/\/www.cnbb.org.br\/cnbb-app\/wp\/v2\/comments?post=17120"}],"version-history":[{"count":0,"href":"https:\/\/www.cnbb.org.br\/cnbb-app\/wp\/v2\/posts\/17120\/revisions"}],"wp:featuredmedia":[{"embeddable":true,"href":"https:\/\/www.cnbb.org.br\/cnbb-app\/wp\/v2\/media\/17121"}],"wp:attachment":[{"href":"https:\/\/www.cnbb.org.br\/cnbb-app\/wp\/v2\/media?parent=17120"}],"wp:term":[{"taxonomy":"category","embeddable":true,"href":"https:\/\/www.cnbb.org.br\/cnbb-app\/wp\/v2\/categories?post=17120"},{"taxonomy":"post_tag","embeddable":true,"href":"https:\/\/www.cnbb.org.br\/cnbb-app\/wp\/v2\/tags?post=17120"}],"curies":[{"name":"wp","href":"https:\/\/api.w.org\/{rel}","templated":true}]}}