{"id":17141,"date":"2009-10-07T00:00:00","date_gmt":"2009-10-07T03:00:00","guid":{"rendered":"https:\/\/www.cnbb.org.br\/3o-sbc-mudancas-de-epoca-sao-tempos-profundamente-libertadores-diz-teologo\/"},"modified":"2009-10-07T00:00:00","modified_gmt":"2009-10-07T03:00:00","slug":"3o-sbc-mudancas-de-epoca-sao-tempos-profundamente-libertadores-diz-teologo","status":"publish","type":"post","link":"https:\/\/www.cnbb.org.br\/3o-sbc-mudancas-de-epoca-sao-tempos-profundamente-libertadores-diz-teologo\/","title":{"rendered":"3\u00aa SBC: Mudan\u00e7as de \u00e9poca s\u00e3o tempos profundamente libertadores, diz te\u00f3logo"},"content":{"rendered":"<p style=\"text-align: justify\">Clara, objetiva e did\u00e1tica. Assim pode ser descrita a primeira confer\u00eancia da 3\u00aa Semana Brasileira de Catequese (SBC), proferida na manh\u00e3 de hoje, 7, pelo te\u00f3logo do Rio de Janeiro, padre Joel Portela. Ele explicou em detalhes para os 480 participantes do encontro o que significa \u201cmudan\u00e7a de \u00e9poca\u201d, dentro do contexto da catequese.<\/p>\n<p>  <!--more-->  <\/p>\n<p style=\"text-align: justify\">O te\u00f3logo passou uma mensagem otimista ao concluir dizendo que \u201cmudan\u00e7as de \u00e9poca s\u00e3o tempos profundamente libertadores\u201d.\u00a0 \u201cLibertam-nos de apegos que j\u00e1 n\u00e3o ajudam na viv\u00eancia e na transmiss\u00e3o do Evangelho. Libertam o pr\u00f3prio Evangelho da poeira do tempo e de costumes que, algumas vezes, s\u00e3o colocados e mesmo sobrepostos \u00e0 Boa Nova como se Boa Nova fossem\u201d, disse.<\/p>\n<p style=\"text-align: justify\">A 3\u00aa SBC come\u00e7ou ontem, 6, em Itaici (SP) e prossegue at\u00e9 domingo. Ela congrega bispos, padres, religiosas e leigos coordenadores de catequese das 272 dioceses do Brasil. O encontro debate o tema da \u201cinicia\u00e7\u00e3o \u00e0 vida crist\u00e3\u201d e faz parte da celebra\u00e7\u00e3o do Ano Catequ\u00e9tico Nacional, proclamado pela Confer\u00eancia Nacional dos Bispos do Brasil (CNBB) e aberto em abril deste ano.<\/p>\n<p style=\"text-align: justify\">Padre Joel destacou que o termo \u201cmudan\u00e7a de \u00e9poca\u201d, cunhado pela Confer\u00eancia Geral do Episcopado Latino Americano e do Caribe, em Aparecida (SP), em 2007, \u201crevela a radicalidade das mudan\u00e7as\u201d, que o mundo sofre de forma acelerada, \u201cainda que em graus distintos de afeta\u00e7\u00e3o\u201d.<\/p>\n<p style=\"text-align: justify\">Segundo o te\u00f3logo, esta mudan\u00e7a coloca alguns aspectos \u201cem baixa\u201d e outros \u201cem alta\u201d. Est\u00e3o em baixa a institui\u00e7\u00e3o, a tradi\u00e7\u00e3o, o sonho, a utopia, o eterno, a \u00e9tica. Em contraposi\u00e7\u00e3o, est\u00e3o em alta o indiv\u00edduo, a novidade, o prazer imediato, o transit\u00f3rio, a est\u00e9tica.<\/p>\n<p style=\"text-align: justify\">\u201cImporta destacar que n\u00e3o se trata de rejei\u00e7\u00e3o de um dos p\u00f3los, mas de supervaloriza\u00e7\u00e3o de um e redu\u00e7\u00e3o na import\u00e2ncia do outro\u201d, explica. \u201cN\u00e3o se est\u00e1 aqui emitindo um ju\u00edzo de valores sobre um per\u00edodo ou outro. Ningu\u00e9m pode afirmar que, em termos de evangeliza\u00e7\u00e3o, uma \u00e9poca \u00e9 melhor que a outra. Elas s\u00e3o diferentes, exigindo de n\u00f3s assumir a mudan\u00e7a, reconhecer que estamos num ambiente distinto daquele ao qual est\u00e1vamos acostumados\u201d, acrescenta.<\/p>\n<p style=\"text-align: justify\">Uma das caracter\u00edsticas da sociedade atual, marcada pelas mudan\u00e7as, \u00e9 que n\u00e3o existe mais a chamada \u201csociedade ou cultura crist\u00e3\u201d. \u201cN\u00e3o vivemos mais no que os estudiosos chamam de cristandade, identifica\u00e7\u00e3o entre a religi\u00e3o e a cultura, a mentalidade predominante. A mudan\u00e7a de \u00e9poca traz para o centro da cena a figura da seculariza\u00e7\u00e3o, atrav\u00e9s da qual a dimens\u00e3o religiosa se desligou das institui\u00e7\u00f5es, da tradi\u00e7\u00e3o e das normas objetivas\u201d.<\/p>\n<h4 style=\"text-align: justify\"><a href=\"http:\/\/cnbbjoomla.sitesparresia.com\/wp-content\/uploads\/sites\/85\/2009\/10\/files_4accd098a7968.pdf\" target=\"_blank\" rel=\"noopener\">Clique aqui para ler a \u00edntegra do texto.<\/a><\/h4>\n<p style=\"text-align: justify\"><em>Fotos: Pe. Altevir, CSSp<\/em><\/p>\n","protected":false},"excerpt":{"rendered":"<p>Clara, objetiva e did\u00e1tica. Assim pode ser descrita a primeira confer\u00eancia da 3\u00aa Semana Brasileira de Catequese (SBC), proferida na manh\u00e3 de hoje, 7, pelo te\u00f3logo do Rio de Janeiro, padre Joel Portela. Ele explicou em detalhes para os 480 participantes do encontro o que significa \u201cmudan\u00e7a de \u00e9poca\u201d, dentro do contexto da catequese.<\/p>\n","protected":false},"author":83,"featured_media":17142,"comment_status":"open","ping_status":"open","sticky":false,"template":"","format":"standard","meta":{"site-sidebar-layout":"default","site-content-layout":"default","ast-global-header-display":"","ast-banner-title-visibility":"","ast-main-header-display":"","ast-hfb-above-header-display":"","ast-hfb-below-header-display":"","ast-hfb-mobile-header-display":"","site-post-title":"","ast-breadcrumbs-content":"","ast-featured-img":"","footer-sml-layout":"","theme-transparent-header-meta":"","adv-header-id-meta":"","stick-header-meta":"","header-above-stick-meta":"","header-main-stick-meta":"","header-below-stick-meta":""},"categories":[841],"tags":[],"acf":[],"_links":{"self":[{"href":"https:\/\/www.cnbb.org.br\/cnbb-app\/wp\/v2\/posts\/17141"}],"collection":[{"href":"https:\/\/www.cnbb.org.br\/cnbb-app\/wp\/v2\/posts"}],"about":[{"href":"https:\/\/www.cnbb.org.br\/cnbb-app\/wp\/v2\/types\/post"}],"author":[{"embeddable":true,"href":"https:\/\/www.cnbb.org.br\/cnbb-app\/wp\/v2\/users\/83"}],"replies":[{"embeddable":true,"href":"https:\/\/www.cnbb.org.br\/cnbb-app\/wp\/v2\/comments?post=17141"}],"version-history":[{"count":0,"href":"https:\/\/www.cnbb.org.br\/cnbb-app\/wp\/v2\/posts\/17141\/revisions"}],"wp:featuredmedia":[{"embeddable":true,"href":"https:\/\/www.cnbb.org.br\/cnbb-app\/wp\/v2\/media\/17142"}],"wp:attachment":[{"href":"https:\/\/www.cnbb.org.br\/cnbb-app\/wp\/v2\/media?parent=17141"}],"wp:term":[{"taxonomy":"category","embeddable":true,"href":"https:\/\/www.cnbb.org.br\/cnbb-app\/wp\/v2\/categories?post=17141"},{"taxonomy":"post_tag","embeddable":true,"href":"https:\/\/www.cnbb.org.br\/cnbb-app\/wp\/v2\/tags?post=17141"}],"curies":[{"name":"wp","href":"https:\/\/api.w.org\/{rel}","templated":true}]}}