{"id":17185,"date":"2010-03-22T00:00:00","date_gmt":"2010-03-22T03:00:00","guid":{"rendered":"https:\/\/www.cnbb.org.br\/brasilia-promove-missa-de-acao-de-gracas-pela-dignidade-e-direitos-das-pessoas-com-deficiencia\/"},"modified":"2010-03-22T00:00:00","modified_gmt":"2010-03-22T03:00:00","slug":"brasilia-promove-missa-de-acao-de-gracas-pela-dignidade-e-direitos-das-pessoas-com-deficiencia","status":"publish","type":"post","link":"https:\/\/www.cnbb.org.br\/brasilia-promove-missa-de-acao-de-gracas-pela-dignidade-e-direitos-das-pessoas-com-deficiencia\/","title":{"rendered":"Bras\u00edlia promove missa de A\u00e7\u00e3o de Gra\u00e7as pela dignidade e direitos das pessoas com defici\u00eancia"},"content":{"rendered":"<p style=\"text-align: justify\">A arquidiocese de Bras\u00edlia realizar\u00e1, no dia 27, no Santu\u00e1rio Dom Bosco, uma Celebra\u00e7\u00e3o Eucar\u00edstica em A\u00e7\u00e3o de Gra\u00e7as pela Dignidade e Direitos das Pessoas com Defici\u00eancia. Esta celebra\u00e7\u00e3o acontece no per\u00edodo da Quaresma, motivada pela Campanha da Fraternidade de 2006, que apresentou o Tema \u201cFraternidade e Pessoas com Defici\u00eancia\u201d e o desafiante Lema \u201cLevanta-te, vem para o meio\u201d.<\/p>\n<p>  <!--more-->  <\/p>\n<p style=\"text-align: justify\">\u201c\u00c9 necess\u00e1rio que a sociedade em geral e as pessoas em particular, promovam a\u00e7\u00f5es sobre a situa\u00e7\u00e3o da pessoa com defici\u00eancia no Distrito Federal, \u00e0 luz da palavra de Deus e da \u00e9tica Crist\u00e3, para suscitar maior fraternidade e solidariedade em rela\u00e7\u00e3o \u00e0s Pessoas com Defici\u00eancia, promovendo sua Dignidade e seus Direitos\u201d, afirmou o arcebispo de Bras\u00edlia, dom Jo\u00e3o Braz de Aviz.<\/p>\n<p style=\"text-align: justify\">A celebra\u00e7\u00e3o contar\u00e1 com a participa\u00e7\u00e3o de representantes das Pastorais, dos Movimentos e Servi\u00e7os de Leigos da arquidiocese de Bras\u00edlia, de Igrejas Crist\u00e3s vinculadas ao Grupo Ecum\u00eanico de Bras\u00edlia (GEB) e de Institui\u00e7\u00f5es e Organismos da sociedade civil, que desenvolvem atividades, direta ou indiretamente, com pessoas com defici\u00eancia.<\/p>\n<p style=\"text-align: justify\">Outras informa\u00e7\u00f5es podem ser obtidas com a Comiss\u00e3o Justi\u00e7a e Paz (CJP), por meio dos telefones 3223 3512 \/ 3213-3333, e no e-mail: justicaepaz.mab@terra.com.br.<\/p>\n","protected":false},"excerpt":{"rendered":"<p>A arquidiocese de Bras\u00edlia realizar\u00e1, no dia 27, no Santu\u00e1rio Dom Bosco, uma Celebra\u00e7\u00e3o Eucar\u00edstica em A\u00e7\u00e3o de Gra\u00e7as pela Dignidade e Direitos das Pessoas com Defici\u00eancia. Esta celebra\u00e7\u00e3o acontece no per\u00edodo da Quaresma, motivada pela Campanha da Fraternidade de 2006, que apresentou o Tema \u201cFraternidade e Pessoas com Defici\u00eancia\u201d e o desafiante Lema \u201cLevanta-te, &hellip;<\/p>\n<p class=\"read-more\"> <a class=\"\" href=\"https:\/\/www.cnbb.org.br\/brasilia-promove-missa-de-acao-de-gracas-pela-dignidade-e-direitos-das-pessoas-com-deficiencia\/\"> <span class=\"screen-reader-text\">Bras\u00edlia promove missa de A\u00e7\u00e3o de Gra\u00e7as pela dignidade e direitos das pessoas com defici\u00eancia<\/span> Leia mais &raquo;<\/a><\/p>\n","protected":false},"author":83,"featured_media":17186,"comment_status":"open","ping_status":"open","sticky":false,"template":"","format":"standard","meta":{"site-sidebar-layout":"default","site-content-layout":"default","ast-global-header-display":"","ast-banner-title-visibility":"","ast-main-header-display":"","ast-hfb-above-header-display":"","ast-hfb-below-header-display":"","ast-hfb-mobile-header-display":"","site-post-title":"","ast-breadcrumbs-content":"","ast-featured-img":"","footer-sml-layout":"","theme-transparent-header-meta":"","adv-header-id-meta":"","stick-header-meta":"","header-above-stick-meta":"","header-main-stick-meta":"","header-below-stick-meta":""},"categories":[841],"tags":[],"acf":[],"_links":{"self":[{"href":"https:\/\/www.cnbb.org.br\/cnbb-app\/wp\/v2\/posts\/17185"}],"collection":[{"href":"https:\/\/www.cnbb.org.br\/cnbb-app\/wp\/v2\/posts"}],"about":[{"href":"https:\/\/www.cnbb.org.br\/cnbb-app\/wp\/v2\/types\/post"}],"author":[{"embeddable":true,"href":"https:\/\/www.cnbb.org.br\/cnbb-app\/wp\/v2\/users\/83"}],"replies":[{"embeddable":true,"href":"https:\/\/www.cnbb.org.br\/cnbb-app\/wp\/v2\/comments?post=17185"}],"version-history":[{"count":0,"href":"https:\/\/www.cnbb.org.br\/cnbb-app\/wp\/v2\/posts\/17185\/revisions"}],"wp:featuredmedia":[{"embeddable":true,"href":"https:\/\/www.cnbb.org.br\/cnbb-app\/wp\/v2\/media\/17186"}],"wp:attachment":[{"href":"https:\/\/www.cnbb.org.br\/cnbb-app\/wp\/v2\/media?parent=17185"}],"wp:term":[{"taxonomy":"category","embeddable":true,"href":"https:\/\/www.cnbb.org.br\/cnbb-app\/wp\/v2\/categories?post=17185"},{"taxonomy":"post_tag","embeddable":true,"href":"https:\/\/www.cnbb.org.br\/cnbb-app\/wp\/v2\/tags?post=17185"}],"curies":[{"name":"wp","href":"https:\/\/api.w.org\/{rel}","templated":true}]}}