{"id":17219,"date":"2010-04-20T00:00:00","date_gmt":"2010-04-20T03:00:00","guid":{"rendered":"https:\/\/www.cnbb.org.br\/greni-define-suas-atividades-para-o-ano\/"},"modified":"2010-04-20T00:00:00","modified_gmt":"2010-04-20T03:00:00","slug":"greni-define-suas-atividades-para-o-ano","status":"publish","type":"post","link":"https:\/\/www.cnbb.org.br\/greni-define-suas-atividades-para-o-ano\/","title":{"rendered":"Greni  define suas atividades para o ano"},"content":{"rendered":"<p style=\"text-align: justify\">Grupo de Religiosos e Religiosas Negros e Ind\u00edgenas de Minas Gerais (Greni)\u00a0 define suas atividades para o ano.<\/p>\n<h4 style=\"text-align: justify\">1. O que \u00e9 o GRENI?<\/h4>\n<p style=\"text-align: justify\">A sigla GRENI refere-se ao Grupo de Religiosos e Religiosas Negros(as) e Ind\u00edgenas da CRB (Confer\u00eancia dos Religiosos do Brasil).<\/p>\n<p>  <!--more-->  <\/p>\n<p style=\"text-align: justify\">O GRENI \u00e9 um espa\u00e7o dentro da Vida Religiosa Consagrada cujo objetivo \u00e9 possibilitar aos religiosos e religiosas afro-descendentes e ind\u00edgenas uma maior conscientiza\u00e7\u00e3o sobre a pr\u00f3pria identidade, como caminho para uma valoriza\u00e7\u00e3o da negritude e dos valores pr\u00f3prios das tradi\u00e7\u00f5es afro-ind\u00edgenas.<\/p>\n<h4 style=\"text-align: justify\">2. Como se construiu essa hist\u00f3ria?<\/h4>\n<p style=\"text-align: justify\">A abertura mais significativa da Vida Religiosa \u00e0 presen\u00e7a de afro-descendentes ocorreu a partir dos anos 60. Entretanto, somente nas d\u00e9cadas de 80 e 90 \u00e9 que come\u00e7a um esfor\u00e7o maior no sentido de relacionar Vida Religiosa Consagrada a etnias, sobretudo no que diz respeito \u00e0s voca\u00e7\u00f5es de origem africana e ind\u00edgena.<\/p>\n<p style=\"text-align: justify\">Vale destacar que o GRENI n\u00e3o surgiu fruto do acaso, mas \u00e9 resultado de muita luta por parte do povo afro-descendente e ind\u00edgena que lutou por um \u201cespa\u00e7o de direito\u201d dentro da Igreja e, conseq\u00fcentemente, dentro da Vida Religiosa. Por exemplo, \u00e9 com o Vaticano II que a Vida Religiosa come\u00e7a a se abrir mais para receber negros, negras e ind\u00edgenas, o que at\u00e9 ent\u00e3o acontecia de forma minimamente reduzida.<\/p>\n<p style=\"text-align: justify\">Dessa forma, em 1992, durante a Assembl\u00e9ia Nacional da CRB, realizada em S\u00e3o Paulo, foram organizadas duas reuni\u00f5es com os religiosos e religiosas negros(as) ali presentes. Durante a plen\u00e1ria, com 85% de votos de aprova\u00e7\u00e3o dos(as) superiores(as) maiores, foi aprovada a cria\u00e7\u00e3o do GRENI. Dentre as sugest\u00f5es recebidas para esse novo empreendimento, \u00e9 fundamental destacar a sugest\u00e3o de inclus\u00e3o dos ind\u00edgenas.<\/p>\n<p style=\"text-align: justify\">Foi a partir dos encontros de religiosos e religiosas afro-descendentes nas pr\u00f3prias congrega\u00e7\u00f5es que come\u00e7a a surgir o GRENI, como um grupo de reflex\u00e3o para apoiar as articula\u00e7\u00f5es j\u00e1 existentes, a fim de fortalecer e ampliar a consci\u00eancia ind\u00edgena e a convic\u00e7\u00e3o de uma negritude fortalecida dentro Vida Religiosa.<\/p>\n<h4 style=\"text-align: justify\"><a href=\"http:\/\/cnbbjoomla.sitesparresia.com\/wp-content\/uploads\/sites\/85\/2010\/04\/Folder_AFRO.doc\" target=\"_blank\" rel=\"noopener\">Veja a programa\u00e7\u00e3o aqui.<\/a><\/h4>\n","protected":false},"excerpt":{"rendered":"<p>Grupo de Religiosos e Religiosas Negros e Ind\u00edgenas de Minas Gerais (Greni)\u00a0 define suas atividades para o ano. 1. O que \u00e9 o GRENI? A sigla GRENI refere-se ao Grupo de Religiosos e Religiosas Negros(as) e Ind\u00edgenas da CRB (Confer\u00eancia dos Religiosos do Brasil).<\/p>\n","protected":false},"author":83,"featured_media":17220,"comment_status":"open","ping_status":"open","sticky":false,"template":"","format":"standard","meta":{"site-sidebar-layout":"default","site-content-layout":"default","ast-global-header-display":"","ast-banner-title-visibility":"","ast-main-header-display":"","ast-hfb-above-header-display":"","ast-hfb-below-header-display":"","ast-hfb-mobile-header-display":"","site-post-title":"","ast-breadcrumbs-content":"","ast-featured-img":"","footer-sml-layout":"","theme-transparent-header-meta":"","adv-header-id-meta":"","stick-header-meta":"","header-above-stick-meta":"","header-main-stick-meta":"","header-below-stick-meta":""},"categories":[841],"tags":[],"acf":[],"_links":{"self":[{"href":"https:\/\/www.cnbb.org.br\/cnbb-app\/wp\/v2\/posts\/17219"}],"collection":[{"href":"https:\/\/www.cnbb.org.br\/cnbb-app\/wp\/v2\/posts"}],"about":[{"href":"https:\/\/www.cnbb.org.br\/cnbb-app\/wp\/v2\/types\/post"}],"author":[{"embeddable":true,"href":"https:\/\/www.cnbb.org.br\/cnbb-app\/wp\/v2\/users\/83"}],"replies":[{"embeddable":true,"href":"https:\/\/www.cnbb.org.br\/cnbb-app\/wp\/v2\/comments?post=17219"}],"version-history":[{"count":0,"href":"https:\/\/www.cnbb.org.br\/cnbb-app\/wp\/v2\/posts\/17219\/revisions"}],"wp:featuredmedia":[{"embeddable":true,"href":"https:\/\/www.cnbb.org.br\/cnbb-app\/wp\/v2\/media\/17220"}],"wp:attachment":[{"href":"https:\/\/www.cnbb.org.br\/cnbb-app\/wp\/v2\/media?parent=17219"}],"wp:term":[{"taxonomy":"category","embeddable":true,"href":"https:\/\/www.cnbb.org.br\/cnbb-app\/wp\/v2\/categories?post=17219"},{"taxonomy":"post_tag","embeddable":true,"href":"https:\/\/www.cnbb.org.br\/cnbb-app\/wp\/v2\/tags?post=17219"}],"curies":[{"name":"wp","href":"https:\/\/api.w.org\/{rel}","templated":true}]}}