{"id":17232,"date":"2010-05-08T00:00:00","date_gmt":"2010-05-08T03:00:00","guid":{"rendered":"https:\/\/www.cnbb.org.br\/igreja-no-brasil-comeca-a-formar-padres-missionarios-afirma-dom-esmeraldo-barreto-de-farias\/"},"modified":"2010-05-08T00:00:00","modified_gmt":"2010-05-08T03:00:00","slug":"igreja-no-brasil-comeca-a-formar-padres-missionarios-afirma-dom-esmeraldo-barreto-de-farias","status":"publish","type":"post","link":"https:\/\/www.cnbb.org.br\/igreja-no-brasil-comeca-a-formar-padres-missionarios-afirma-dom-esmeraldo-barreto-de-farias\/","title":{"rendered":"Igreja no Brasil come\u00e7a a formar padres mission\u00e1rios, afirma dom Esmeraldo Barreto de Farias"},"content":{"rendered":"<p style=\"text-align: justify\">Contente com o novo momento de forma\u00e7\u00e3o dos padres no Brasil, o bispo de Santar\u00e9m (PA), dom Esmeraldo Barreto de Farias, afirmou que a Igreja Cat\u00f3lica no pa\u00eds \u201ccome\u00e7a a formar padres mission\u00e1rios\u201d a partir das novas Diretrizes para a Forma\u00e7\u00e3o Presbiteral para a Igreja no Brasil, documento que substitui seu antecessor, que vigorou entre os anos de 1995 e 2009. \u201cNosso novo documento se preocupa com a vida das pessoas da atualidade, com o padre de hoje e com a missionariedade. Foi por isso que recebemos tantos elogios ao novo documento, da Congrega\u00e7\u00e3o para a Educa\u00e7\u00e3o Cat\u00f3lica, em Roma\u201d, comemorou.<\/p>\n<p>  <!--more-->  <\/p>\n<p style=\"text-align: justify\">Em seu discurso, durante a coletiva de imprensa que aconteceu na tarde de hoje, 7, o bispo de Santar\u00e9m destacou os pontos do documento elogiados pela Santa S\u00e9. \u201cA Congrega\u00e7\u00e3o para a Educa\u00e7\u00e3o Cat\u00f3lica elogiou v\u00e1rios pontos das Diretrizes: o fato de n\u00f3s termos colocado o semin\u00e1rio como tempo de caminho, busca e descoberta de Cristo; a experi\u00eancia de Cristo como fundamental para o jovem compreender melhor o chamado que Deus est\u00e1 lhe fazendo; e as conseq\u00fc\u00eancias desse chamado para a sua vida\u201d, pontuou.<\/p>\n<p style=\"text-align: justify\">Foi uma lista de elogios ao Documento, segundo dom Esmeraldo. \u201cO fato de termos colocado o conhecimento de Jesus Cristo como marca fundamental na vida do jovem, por exemplo. Se ele n\u00e3o conhece Jesus, como ele vai am\u00e1-lo sendo disc\u00edpulo e mission\u00e1rio?\u201d, questionou citando o texto. \u201cOutro ponto elogiado pela Santa S\u00e9 foi a refer\u00eancia ao Ano Sacerdotal, aberto em junho de 2009 e que ser\u00e1 conclu\u00eddo no pr\u00f3ximo m\u00eas.<\/p>\n<p style=\"text-align: justify\"><img decoding=\"async\" loading=\"lazy\" class=\" alignleft size-full wp-image-4082\" style=\"float: left\" src=\"https:\/\/www.cnbb.org.br\/wp-content\/uploads\/2020\/03\/48agcoletiva07.jpg\" width=\"555\" height=\"378\" \/><strong>Dimens\u00e3o Comunit\u00e1ria e Pastoral<\/strong><\/p>\n<p style=\"text-align: justify\">Presente no documento e importante para a vida da Igreja \u00e9 a dimens\u00e3o comunit\u00e1ria, que tamb\u00e9m foi destacada no novo documento. \u201cEssa dimens\u00e3o \u00e9 muito importante para mostrar que o padre \u00e9 aquele que se prepara e n\u00e3o \u00e9 isolado do mundo, mas precisa ter uma vis\u00e3o importante de vida comunit\u00e1ria com os demais padres e bispos da diocese e das pessoas na diocese\u201d.<\/p>\n<p style=\"text-align: justify\">Dom Esmeraldo deu um exemplo do aprofundamento do novo Documento para a forma\u00e7\u00e3o presbiteral. \u201cEle (o padre) n\u00e3o vai para l\u00e1 na comunidade para viver sozinho, mas para conviver, partilhar na forma\u00e7\u00e3o dos conselhos comunit\u00e1rios e pastorais das comunidades. O sacerdote de hoje s\u00f3 consegue formar comunidades se ele abra\u00e7ar a missionariedade\u201d. \u201cPara isso\u201d, disse o bispo, \u201cal\u00e9m de toda forma\u00e7\u00e3o dos institutos de filosofia e teologia, est\u00e3o sendo feitas experi\u00eancias mission\u00e1rias em grandes cidades para que os seminaristas possam descobrir a import\u00e2ncia de ser mission\u00e1rio no mundo de hoje. Eles aprendem a serem mission\u00e1rios na cidade grande, com os jovens, com as fam\u00edlias, em grandes condom\u00ednios, periferias das cidades, bairros populares, no interior, seja do Nordeste, no Sul ou na Amaz\u00f4nia. O documento tem toda essa preocupa\u00e7\u00e3o\u201d, enumerou.<\/p>\n<p style=\"text-align: justify\">Para concluir os t\u00f3picos enf\u00e1ticos da forma\u00e7\u00e3o do padre na atualidade, presentes nas Diretrizes, dom Esmeraldo disse que outros pontos tamb\u00e9m s\u00e3o importantes e interligados no documento, como a exorta\u00e7\u00e3o apost\u00f3lica do papa Jo\u00e3o Paulo II sobre a forma\u00e7\u00e3o dos presb\u00edteros; a dimens\u00e3o intelectual que n\u00e3o pode ser vivida, formada e seguida sem estar ligada \u00e0 dimens\u00e3o espiritual, pastoral, humano-afetiva e comunit\u00e1ria. \u201cS\u00e3o todas dimens\u00f5es interligadas que necessitam estarem interligadas, que t\u00eam como refer\u00eancia o Documento de Aparecida (DAp) para a forma\u00e7\u00e3o dos presb\u00edteros no Brasil, porque se trata no mundo atual de ajudar as pessoas a descobrirem sua miss\u00e3o e seguimento a Jesus Cristo\u201d, concluiu o bispo.<\/p>\n<p style=\"text-align: justify\">A Reformula\u00e7\u00e3o das Diretrizes para a Forma\u00e7\u00e3o dos Presb\u00edteros no Brasil aconteceu durante a Confer\u00eancia Episcopal da Am\u00e9rica Latina e Caribe, que aconteceu em Aparecida (SP), em maio de 2007. A CNBB procurou designar uma comiss\u00e3o para trabalhar o documento que foi aprovado no ano passado.<\/p>\n<p style=\"text-align: justify\"><a target=\"_blank\" href=\"http:\/\/www.flickr.com\/photos\/cnbbnacional\/collections\/72157623813423955\/\" rel=\"noopener\">Veja        fotos do evento no <span style=\"font-size: 18pt\"><strong><span style=\"color: #ff0000\">F<\/span><span style=\"color: #000080\">lickr<\/span><\/strong><\/span>.<\/a><\/p>\n","protected":false},"excerpt":{"rendered":"<p>Contente com o novo momento de forma\u00e7\u00e3o dos padres no Brasil, o bispo de Santar\u00e9m (PA), dom Esmeraldo Barreto de Farias, afirmou que a Igreja Cat\u00f3lica no pa\u00eds \u201ccome\u00e7a a formar padres mission\u00e1rios\u201d a partir das novas Diretrizes para a Forma\u00e7\u00e3o Presbiteral para a Igreja no Brasil, documento que substitui seu antecessor, que vigorou entre &hellip;<\/p>\n<p class=\"read-more\"> <a class=\"\" href=\"https:\/\/www.cnbb.org.br\/igreja-no-brasil-comeca-a-formar-padres-missionarios-afirma-dom-esmeraldo-barreto-de-farias\/\"> <span class=\"screen-reader-text\">Igreja no Brasil come\u00e7a a formar padres mission\u00e1rios, afirma dom Esmeraldo Barreto de Farias<\/span> Leia mais &raquo;<\/a><\/p>\n","protected":false},"author":83,"featured_media":17233,"comment_status":"open","ping_status":"open","sticky":false,"template":"","format":"standard","meta":{"site-sidebar-layout":"default","site-content-layout":"default","ast-global-header-display":"","ast-banner-title-visibility":"","ast-main-header-display":"","ast-hfb-above-header-display":"","ast-hfb-below-header-display":"","ast-hfb-mobile-header-display":"","site-post-title":"","ast-breadcrumbs-content":"","ast-featured-img":"","footer-sml-layout":"","theme-transparent-header-meta":"","adv-header-id-meta":"","stick-header-meta":"","header-above-stick-meta":"","header-main-stick-meta":"","header-below-stick-meta":""},"categories":[841],"tags":[],"acf":[],"_links":{"self":[{"href":"https:\/\/www.cnbb.org.br\/cnbb-app\/wp\/v2\/posts\/17232"}],"collection":[{"href":"https:\/\/www.cnbb.org.br\/cnbb-app\/wp\/v2\/posts"}],"about":[{"href":"https:\/\/www.cnbb.org.br\/cnbb-app\/wp\/v2\/types\/post"}],"author":[{"embeddable":true,"href":"https:\/\/www.cnbb.org.br\/cnbb-app\/wp\/v2\/users\/83"}],"replies":[{"embeddable":true,"href":"https:\/\/www.cnbb.org.br\/cnbb-app\/wp\/v2\/comments?post=17232"}],"version-history":[{"count":0,"href":"https:\/\/www.cnbb.org.br\/cnbb-app\/wp\/v2\/posts\/17232\/revisions"}],"wp:featuredmedia":[{"embeddable":true,"href":"https:\/\/www.cnbb.org.br\/cnbb-app\/wp\/v2\/media\/17233"}],"wp:attachment":[{"href":"https:\/\/www.cnbb.org.br\/cnbb-app\/wp\/v2\/media?parent=17232"}],"wp:term":[{"taxonomy":"category","embeddable":true,"href":"https:\/\/www.cnbb.org.br\/cnbb-app\/wp\/v2\/categories?post=17232"},{"taxonomy":"post_tag","embeddable":true,"href":"https:\/\/www.cnbb.org.br\/cnbb-app\/wp\/v2\/tags?post=17232"}],"curies":[{"name":"wp","href":"https:\/\/api.w.org\/{rel}","templated":true}]}}