{"id":17241,"date":"2010-06-17T00:00:00","date_gmt":"2010-06-17T03:00:00","guid":{"rendered":"https:\/\/www.cnbb.org.br\/igreja-catolica-e-estado-cubano-celebram-75-anos-de-relacoes-diplomaticas-ininterruptas\/"},"modified":"2010-06-17T00:00:00","modified_gmt":"2010-06-17T03:00:00","slug":"igreja-catolica-e-estado-cubano-celebram-75-anos-de-relacoes-diplomaticas-ininterruptas","status":"publish","type":"post","link":"https:\/\/www.cnbb.org.br\/igreja-catolica-e-estado-cubano-celebram-75-anos-de-relacoes-diplomaticas-ininterruptas\/","title":{"rendered":"Igreja Cat\u00f3lica e Estado Cubano celebram 75 anos de rela\u00e7\u00f5es diplom\u00e1ticas ininterruptas"},"content":{"rendered":"<p style=\"text-align: justify\">Em visita a Cuba, o secret\u00e1rio das rela\u00e7\u00f5es com os Estados do Vaticano, dom Dominique Mamberti, expressou nesta quarta-feira, dia 16, sua satisfa\u00e7\u00e3o pelas novas medidas adotas pelo governo Ra\u00fal Castro em rela\u00e7\u00e3o aos presos pol\u00edticos, ap\u00f3s os di\u00e1logos iniciados com a Igreja Cat\u00f3lica. Governo Cubano e Igreja celebraram tamb\u00e9m, nesta quinta-feira, 75 anos de  rela\u00e7\u00f5es diplom\u00e1ticas ininterruptas. Os la\u00e7os foram estabelecidos em 7  de junho de 1935.<\/p>\n<p>  <!--more-->  <\/p>\n<p style=\"text-align: justify\">Durante uma coletiva de imprensa em Havana, o secret\u00e1rio, ladeado pelo ministro das Rela\u00e7\u00f5es Exteriores de Cuba, Bruno Rodr\u00edguez Parrila, declarou que o \u201cdi\u00e1logo \u00e9 muito importante e j\u00e1 se veem frutos\u201d. O arcebispo fez votos de que o di\u00e1logo se fortale\u00e7a com sua visita, recordando que um dos maiores objetivos da diplomacia da Santa S\u00e9 \u00e9 favorecer o di\u00e1logo entre as Igrejas locais e as autoridades dos distintos pa\u00edses.<\/p>\n<p style=\"text-align: justify\">O ministro das Rela\u00e7\u00f5es Exteriores cubano, por sua vez, afirmou que a comunica\u00e7\u00e3o entre o Governo e a Igreja Cat\u00f3lica \u00e9 fru\u00edda, profunda e construtiva\u201d e fez votos de que a visita de dom Dominique sirva para \u201cfortalecer\u201d o di\u00e1logo entre as duas institui\u00e7\u00f5es. Ele tamb\u00e9m destacou a exist\u00eancia de \u201ctodas as condi\u00e7\u00f5es para que continuem estes frut\u00edferos interc\u00e2mbios, em plena observ\u00e2ncia da Constitui\u00e7\u00e3o cubana e de nossas leis, que asseguram plena liberdade religiosa\u201d.<\/p>\n<p style=\"text-align: justify\">Durante as negocia\u00e7\u00f5es entre o presidente cubano e o arcebispo de Havana, cardeal Jaime Ortega, foram anunciadas, nas \u00faltimas semanas, a liberta\u00e7\u00e3o do dissidente Ariel Sigler, por motivos de sa\u00fade, e a transfer\u00eancia de outros doze detidos a pres\u00eddios pr\u00f3ximos de suas resid\u00eancias.<\/p>\n<p style=\"text-align: justify\">O representante vaticano iniciou no dia 15, uma viagem de cinco dias \u00e0 Ilha, para participar da 10\u00aa Semana Social Cat\u00f3lica, que teve in\u00edcio hoje.<\/p>\n","protected":false},"excerpt":{"rendered":"<p>Em visita a Cuba, o secret\u00e1rio das rela\u00e7\u00f5es com os Estados do Vaticano, dom Dominique Mamberti, expressou nesta quarta-feira, dia 16, sua satisfa\u00e7\u00e3o pelas novas medidas adotas pelo governo Ra\u00fal Castro em rela\u00e7\u00e3o aos presos pol\u00edticos, ap\u00f3s os di\u00e1logos iniciados com a Igreja Cat\u00f3lica. Governo Cubano e Igreja celebraram tamb\u00e9m, nesta quinta-feira, 75 anos de &hellip;<\/p>\n<p class=\"read-more\"> <a class=\"\" href=\"https:\/\/www.cnbb.org.br\/igreja-catolica-e-estado-cubano-celebram-75-anos-de-relacoes-diplomaticas-ininterruptas\/\"> <span class=\"screen-reader-text\">Igreja Cat\u00f3lica e Estado Cubano celebram 75 anos de rela\u00e7\u00f5es diplom\u00e1ticas ininterruptas<\/span> Leia mais &raquo;<\/a><\/p>\n","protected":false},"author":83,"featured_media":17242,"comment_status":"open","ping_status":"open","sticky":false,"template":"","format":"standard","meta":{"site-sidebar-layout":"default","site-content-layout":"default","ast-global-header-display":"","ast-banner-title-visibility":"","ast-main-header-display":"","ast-hfb-above-header-display":"","ast-hfb-below-header-display":"","ast-hfb-mobile-header-display":"","site-post-title":"","ast-breadcrumbs-content":"","ast-featured-img":"","footer-sml-layout":"","theme-transparent-header-meta":"","adv-header-id-meta":"","stick-header-meta":"","header-above-stick-meta":"","header-main-stick-meta":"","header-below-stick-meta":""},"categories":[841],"tags":[],"acf":[],"_links":{"self":[{"href":"https:\/\/www.cnbb.org.br\/cnbb-app\/wp\/v2\/posts\/17241"}],"collection":[{"href":"https:\/\/www.cnbb.org.br\/cnbb-app\/wp\/v2\/posts"}],"about":[{"href":"https:\/\/www.cnbb.org.br\/cnbb-app\/wp\/v2\/types\/post"}],"author":[{"embeddable":true,"href":"https:\/\/www.cnbb.org.br\/cnbb-app\/wp\/v2\/users\/83"}],"replies":[{"embeddable":true,"href":"https:\/\/www.cnbb.org.br\/cnbb-app\/wp\/v2\/comments?post=17241"}],"version-history":[{"count":0,"href":"https:\/\/www.cnbb.org.br\/cnbb-app\/wp\/v2\/posts\/17241\/revisions"}],"wp:featuredmedia":[{"embeddable":true,"href":"https:\/\/www.cnbb.org.br\/cnbb-app\/wp\/v2\/media\/17242"}],"wp:attachment":[{"href":"https:\/\/www.cnbb.org.br\/cnbb-app\/wp\/v2\/media?parent=17241"}],"wp:term":[{"taxonomy":"category","embeddable":true,"href":"https:\/\/www.cnbb.org.br\/cnbb-app\/wp\/v2\/categories?post=17241"},{"taxonomy":"post_tag","embeddable":true,"href":"https:\/\/www.cnbb.org.br\/cnbb-app\/wp\/v2\/tags?post=17241"}],"curies":[{"name":"wp","href":"https:\/\/api.w.org\/{rel}","templated":true}]}}