{"id":17257,"date":"2010-07-11T00:00:00","date_gmt":"2010-07-11T03:00:00","guid":{"rendered":"https:\/\/www.cnbb.org.br\/igreja-catolica-ajuda-na-libertacao-de-presos-politicos-em-cuba\/"},"modified":"2010-07-11T00:00:00","modified_gmt":"2010-07-11T03:00:00","slug":"igreja-catolica-ajuda-na-libertacao-de-presos-politicos-em-cuba","status":"publish","type":"post","link":"https:\/\/www.cnbb.org.br\/igreja-catolica-ajuda-na-libertacao-de-presos-politicos-em-cuba\/","title":{"rendered":"Igreja Cat\u00f3lica ajuda na liberta\u00e7\u00e3o de presos pol\u00edticos em Cuba"},"content":{"rendered":"<p style=\"text-align: justify\">Os preparativos para libertar 52 presos pol\u00edticos em Cuba e envi\u00e1-los para a Espanha ap\u00f3s um acordo mediado pela Igreja Cat\u00f3lica foram acelerados neste s\u00e1bado, 10.<\/p>\n<p>  <!--more-->  <\/p>\n<p style=\"text-align: justify\">A m\u00e3e de um dos presos disse que ele j\u00e1 estava a caminho de Havana. A liberta\u00e7\u00e3o n\u00e3o foi confirmada ainda pela Igreja, mas um comunicado divulgado hoje informou que mais 12 presos devem ser soltos &#8220;em breve&#8221;, aumentando de cinco para 17 a lista dos que ser\u00e3o soltos.<\/p>\n<p style=\"text-align: justify\">O Arcebispado de Havana emitiu neste s\u00e1bado um segundo comunicado informando das sete liberta\u00e7\u00f5es. Elas se somam \u00e0s cinco anunciadas h\u00e1 poucas horas e a outras cinco divulgadas na quinta-feira passada.<\/p>\n<p style=\"text-align: justify\">Os 52 homens estavam entre 75 dissidentes pol\u00edticos presos em 2003, em uma a\u00e7\u00e3o en\u00e9rgica do governo cubano que prejudicou suas rela\u00e7\u00f5es diplom\u00e1ticas. Outros j\u00e1 foram soltos, a maioria por motivos de sa\u00fade.<\/p>\n<p style=\"text-align: justify\">Eles cumprem penas que variam de 13 a 24 anos de pris\u00e3o por violar as leis cubanas destinadas a conter a oposi\u00e7\u00e3o, e o que o governo chama de atividades subversivas.<\/p>\n<h4 style=\"text-align: justify\">Negocia\u00e7\u00e3o<\/h4>\n<p style=\"text-align: justify\">Na quarta-feira (7), a Igreja Cat\u00f3lica cubana anunciou que o governo concordou em libertar 52 presos pol\u00edticos, em uma grande concess\u00e3o \u00e0 press\u00e3o internacional para melhorar as condi\u00e7\u00f5es de direitos humanos na ilha.<\/p>\n<p style=\"text-align: justify\">Os 52 homens parecem ser os que permanecem na pris\u00e3o entre o chamado Grupo dos 75, presos na repress\u00e3o da Primavera Negra de 2003, e condenados a penas de at\u00e9 28 anos de cadeia.<\/p>\n<p style=\"text-align: justify\">O an\u00fancio foi feito ap\u00f3s recentes di\u00e1logos entre o presidente cubano, Ra\u00fal Castro, e o l\u00edder da Igreja Cat\u00f3lica em Cuba, cardeal Jaime Ortega. A Igreja assumiu um papel mais determinante nos assuntos internos da ilha desde maio.<\/p>\n<p style=\"text-align: justify\">Tamb\u00e9m veio logo ap\u00f3s um encontro entre o chanceler espanhol, Miguel Angel Moratinos, com autoridades cubanas nesta ter\u00e7a-feira. Moratinos disse que foi \u00e0 ilha para oferecer apoio aos esfor\u00e7os da Igreja.<\/p>\n<p style=\"text-align: justify\">&#8220;Sentimos uma enorme satisfa\u00e7\u00e3o. Abre-se uma nova etapa em Cuba, com o desejo de solucionar definitivamente a quest\u00e3o dos presos&#8221;, disse Moratinos, em sua primeira manifesta\u00e7\u00e3o p\u00fablica ao an\u00fancio das liberta\u00e7\u00f5es.<\/p>\n","protected":false},"excerpt":{"rendered":"<p>Os preparativos para libertar 52 presos pol\u00edticos em Cuba e envi\u00e1-los para a Espanha ap\u00f3s um acordo mediado pela Igreja Cat\u00f3lica foram acelerados neste s\u00e1bado, 10.<\/p>\n","protected":false},"author":83,"featured_media":17258,"comment_status":"open","ping_status":"open","sticky":false,"template":"","format":"standard","meta":{"site-sidebar-layout":"default","site-content-layout":"default","ast-global-header-display":"","ast-banner-title-visibility":"","ast-main-header-display":"","ast-hfb-above-header-display":"","ast-hfb-below-header-display":"","ast-hfb-mobile-header-display":"","site-post-title":"","ast-breadcrumbs-content":"","ast-featured-img":"","footer-sml-layout":"","theme-transparent-header-meta":"","adv-header-id-meta":"","stick-header-meta":"","header-above-stick-meta":"","header-main-stick-meta":"","header-below-stick-meta":""},"categories":[841],"tags":[],"acf":[],"_links":{"self":[{"href":"https:\/\/www.cnbb.org.br\/cnbb-app\/wp\/v2\/posts\/17257"}],"collection":[{"href":"https:\/\/www.cnbb.org.br\/cnbb-app\/wp\/v2\/posts"}],"about":[{"href":"https:\/\/www.cnbb.org.br\/cnbb-app\/wp\/v2\/types\/post"}],"author":[{"embeddable":true,"href":"https:\/\/www.cnbb.org.br\/cnbb-app\/wp\/v2\/users\/83"}],"replies":[{"embeddable":true,"href":"https:\/\/www.cnbb.org.br\/cnbb-app\/wp\/v2\/comments?post=17257"}],"version-history":[{"count":0,"href":"https:\/\/www.cnbb.org.br\/cnbb-app\/wp\/v2\/posts\/17257\/revisions"}],"wp:featuredmedia":[{"embeddable":true,"href":"https:\/\/www.cnbb.org.br\/cnbb-app\/wp\/v2\/media\/17258"}],"wp:attachment":[{"href":"https:\/\/www.cnbb.org.br\/cnbb-app\/wp\/v2\/media?parent=17257"}],"wp:term":[{"taxonomy":"category","embeddable":true,"href":"https:\/\/www.cnbb.org.br\/cnbb-app\/wp\/v2\/categories?post=17257"},{"taxonomy":"post_tag","embeddable":true,"href":"https:\/\/www.cnbb.org.br\/cnbb-app\/wp\/v2\/tags?post=17257"}],"curies":[{"name":"wp","href":"https:\/\/api.w.org\/{rel}","templated":true}]}}