{"id":17259,"date":"2010-07-11T00:00:00","date_gmt":"2010-07-11T03:00:00","guid":{"rendered":"https:\/\/www.cnbb.org.br\/dom-clemente-isnard-comemora-50-anos-de-ordenacao-episcopa\/"},"modified":"2010-07-11T00:00:00","modified_gmt":"2010-07-11T03:00:00","slug":"dom-clemente-isnard-comemora-50-anos-de-ordenacao-episcopa","status":"publish","type":"post","link":"https:\/\/www.cnbb.org.br\/dom-clemente-isnard-comemora-50-anos-de-ordenacao-episcopa\/","title":{"rendered":"Dom Clemente Isnard comemora 50 anos de ordena\u00e7\u00e3o episcopal"},"content":{"rendered":"<\/p>\n<p style=\"text-align: justify\">A comunidade beneditina do Rio de Janeiro celebrou, no s\u00e1bado, 10,\u00a0 o jubileu dos 50 anos de ordena\u00e7\u00e3o episcopal do bispo em\u00e9rito de Nova Friburgo (RJ), dom Clemente Jos\u00e9 Carlos Isnard, 93, uma das maiores referencias no campo da dimens\u00e3o lit\u00fargica ap\u00f3s o Conc\u00edlio Vaticano II. Ordenado bispo no dia 25 de julho de 1960, dom Clemente \u00e9 em\u00e9rito desde ulho de 1992.<\/p>\n<p>  <!--more-->  <\/p>\n<p style=\"text-align: justify\">Realizada na igreja abacial do Mosteiro de S\u00e3o Bento, dedicada a Nossa Senhora do Montserrat, a missa foi presidida pelo arcebispo\u00a0 do Rio de Janeiro, dom Orani Jo\u00e3o Tempesta, com transmiss\u00e3o ao vivo pela Rede Vida de Televis\u00e3o. <br \/><img decoding=\"async\" loading=\"lazy\" class=\" alignright size-full wp-image-5397\" style=\"float: right\" alt=\"Dom_Clemente_2\" src=\"https:\/\/www.cnbb.org.br\/wp-content\/uploads\/2020\/03\/Dom_Clemente_2.jpg\" width=\"216\" height=\"288\" \/><br \/>O abade do Mosteiro, dom Roberto Lopes, disse que, dom Clemente, o \u201cirm\u00e3o de caminhada, mesmo nos seus 93 anos de idade, ainda continua, com persist\u00eancia, a percorrer os caminhos de Deus&#8221;.<\/p>\n<p>J\u00e1 dom Orani, recordou a festa de S\u00e3o Bento, celebrada neste domingo, 11, e fez refer\u00eancias \u00e0 vida e ao minist\u00e9rio do jubilando, enumerando o servi\u00e7o generoso que ele prestou \u00e0 Igreja, particularmente a do Brasil, atrav\u00e9s das v\u00e1rias fun\u00e7\u00f5es que desempenhou como monge, presb\u00edtero e bispo. Dom Clemente \u00e9 o mais antigo da Ordem de S\u00e3o Bento e do episcopado brasileiro.<\/p>\n<p>&#8220;Dotado de grande humildade e sabedoria, dom Clemente \u00e9 fiel aos dons que o Senhor lhe concedeu. Ele \u00e9 um exemplo para todos n\u00f3s, chamados como religiosos, a servir a Igreja de Cristo&#8221;, afirmou o monge Mauro Fragoso.<\/p>\n<p style=\"text-align: justify\"><span style=\"font-size: 10pt\"><strong><em>Colaborou: <\/em><\/strong><\/span><em><strong>Carlos Moioli<\/strong><\/em><\/p>\n","protected":false},"excerpt":{"rendered":"<p>A comunidade beneditina do Rio de Janeiro celebrou, no s\u00e1bado, 10,\u00a0 o jubileu dos 50 anos de ordena\u00e7\u00e3o episcopal do bispo em\u00e9rito de Nova Friburgo (RJ), dom Clemente Jos\u00e9 Carlos Isnard, 93, uma das maiores referencias no campo da dimens\u00e3o lit\u00fargica ap\u00f3s o Conc\u00edlio Vaticano II. Ordenado bispo no dia 25 de julho de 1960, &hellip;<\/p>\n<p class=\"read-more\"> <a class=\"\" href=\"https:\/\/www.cnbb.org.br\/dom-clemente-isnard-comemora-50-anos-de-ordenacao-episcopa\/\"> <span class=\"screen-reader-text\">Dom Clemente Isnard comemora 50 anos de ordena\u00e7\u00e3o episcopal<\/span> Leia mais &raquo;<\/a><\/p>\n","protected":false},"author":83,"featured_media":17260,"comment_status":"open","ping_status":"open","sticky":false,"template":"","format":"standard","meta":{"site-sidebar-layout":"default","site-content-layout":"default","ast-global-header-display":"","ast-banner-title-visibility":"","ast-main-header-display":"","ast-hfb-above-header-display":"","ast-hfb-below-header-display":"","ast-hfb-mobile-header-display":"","site-post-title":"","ast-breadcrumbs-content":"","ast-featured-img":"","footer-sml-layout":"","theme-transparent-header-meta":"","adv-header-id-meta":"","stick-header-meta":"","header-above-stick-meta":"","header-main-stick-meta":"","header-below-stick-meta":""},"categories":[841],"tags":[],"acf":[],"_links":{"self":[{"href":"https:\/\/www.cnbb.org.br\/cnbb-app\/wp\/v2\/posts\/17259"}],"collection":[{"href":"https:\/\/www.cnbb.org.br\/cnbb-app\/wp\/v2\/posts"}],"about":[{"href":"https:\/\/www.cnbb.org.br\/cnbb-app\/wp\/v2\/types\/post"}],"author":[{"embeddable":true,"href":"https:\/\/www.cnbb.org.br\/cnbb-app\/wp\/v2\/users\/83"}],"replies":[{"embeddable":true,"href":"https:\/\/www.cnbb.org.br\/cnbb-app\/wp\/v2\/comments?post=17259"}],"version-history":[{"count":0,"href":"https:\/\/www.cnbb.org.br\/cnbb-app\/wp\/v2\/posts\/17259\/revisions"}],"wp:featuredmedia":[{"embeddable":true,"href":"https:\/\/www.cnbb.org.br\/cnbb-app\/wp\/v2\/media\/17260"}],"wp:attachment":[{"href":"https:\/\/www.cnbb.org.br\/cnbb-app\/wp\/v2\/media?parent=17259"}],"wp:term":[{"taxonomy":"category","embeddable":true,"href":"https:\/\/www.cnbb.org.br\/cnbb-app\/wp\/v2\/categories?post=17259"},{"taxonomy":"post_tag","embeddable":true,"href":"https:\/\/www.cnbb.org.br\/cnbb-app\/wp\/v2\/tags?post=17259"}],"curies":[{"name":"wp","href":"https:\/\/api.w.org\/{rel}","templated":true}]}}