{"id":17276,"date":"2010-08-31T00:00:00","date_gmt":"2010-08-31T03:00:00","guid":{"rendered":"https:\/\/www.cnbb.org.br\/semana-brasileira-sobre-a-missao-continental-acontece-em-brasilia\/"},"modified":"2010-08-31T00:00:00","modified_gmt":"2010-08-31T03:00:00","slug":"semana-brasileira-sobre-a-missao-continental-acontece-em-brasilia","status":"publish","type":"post","link":"https:\/\/www.cnbb.org.br\/semana-brasileira-sobre-a-missao-continental-acontece-em-brasilia\/","title":{"rendered":"Semana Brasileira sobre a Miss\u00e3o Continental acontece em Bras\u00edlia"},"content":{"rendered":"<p style=\"text-align: justify\">\u201cVoc\u00eas s\u00e3o testemunhas destas coisas (Lc 24, 48)\u201d.\u00a0 Com este tema, acontece de 5 a 11, no Centro Cultural Mission\u00e1rio (CCM), em Bras\u00edlia, a <strong><a target=\"_blank\" href=\"http:\/\/cnbbjoomla.sitesparresia.com\/wp-content\/uploads\/sites\/85\/2010\/08\/semanabrasileiramisscontinental.pdf\" rel=\"noopener\">Semana Brasileira sobre a Miss\u00e3o Continental<\/a><\/strong>. O evento, organizado pela Comiss\u00e3o Episcopal para a Miss\u00e3o Continental da CNBB, teve in\u00edcio em 2008 e acontece anualmente com o objetivo de dinamizar a Miss\u00e3o Continental na Igreja no Brasil.<\/p>\n<p>  <!--more-->  <\/p>\n<p style=\"text-align: justify\"><img decoding=\"async\" loading=\"lazy\" class=\" alignleft size-full wp-image-6268\" style=\"float: left\" alt=\"pejosealtevirsilva\" src=\"https:\/\/www.cnbb.org.br\/wp-content\/uploads\/2020\/03\/pejosealtevirsilva.jpg\" width=\"270\" height=\"260\" \/>\u201cO encontro possibilita o estudo da miss\u00e3o continental a partir do Documento de Aparecida (DAp), e ajuda a elaborar subs\u00eddios para as dioceses no Brasil; al\u00e9m disso, nos proporciona tamb\u00e9m, o encontro perspectivas e linhas de a\u00e7\u00e3o para a dinamiza\u00e7\u00e3o da Miss\u00e3o Continental em nossas dioceses\u201d, disse o\u00a0 secret\u00e1rio executivo do Conselho Mission\u00e1rio Nacional (Comina), e assessor da Comiss\u00e3o Episcopal Pastoral para a Dimens\u00e3o Mission\u00e1ria e Coopera\u00e7\u00e3o Intereclesial da CNBB, padre Jos\u00e9 Altevir da Silva.<\/p>\n<p style=\"text-align: justify\">O encontro aumentou seu leque de participa\u00e7\u00e3o. Antes, direcionado apenas para os delegados vindos dos 17 regionais, este ano as inscri\u00e7\u00f5es foram abertas para todos os interessados. Segundo padre Altevir, a expectativa \u00e9 que participem 56 pessoas de todas as regi\u00f5es do Brasil. Devem participar tamb\u00e9m presb\u00edteros, religiosos, leigos e agentes de pastoral.<\/p>\n<p style=\"text-align: justify\"><strong>Assessorias e temas<\/strong><br \/>Durante os sete dias de encontro os participantes ir\u00e3o estudar sobre os mais diversos temas mission\u00e1rios, entre eles, \u201cElementos b\u00edblicos da espiritualidade mission\u00e1ria\u201d, assessorado pelo biblista e missi\u00f3logo, padre S\u00e9rgio Bradanini; \u201cPar\u00f3quia Mission\u00e1ria, um projeto poss\u00edvel?\u201d, com assessoria do soci\u00f3logo e te\u00f3logo pastoralista, padre Jos\u00e9 Carlos Pereira; e \u201cProjetos e M\u00e9todos para uma Nova Evangeliza\u00e7\u00e3o\u201d, assessorado pelo diretor do Instituto Santo Tom\u00e1s de Aquino, de Belo Horizonte (MG), padre Manoel Godoy.<\/p>\n<p style=\"text-align: justify\"><strong><a target=\"_blank\" href=\"http:\/\/obrasilnamissaocontinental.blogspot.com\/2010\/08\/igreja-no-brasil-promove-semana.html\" rel=\"noopener\">Leia mais no Blog da Miss\u00e3o Continental.<\/a><\/strong><\/p>\n","protected":false},"excerpt":{"rendered":"<p>\u201cVoc\u00eas s\u00e3o testemunhas destas coisas (Lc 24, 48)\u201d.\u00a0 Com este tema, acontece de 5 a 11, no Centro Cultural Mission\u00e1rio (CCM), em Bras\u00edlia, a Semana Brasileira sobre a Miss\u00e3o Continental. O evento, organizado pela Comiss\u00e3o Episcopal para a Miss\u00e3o Continental da CNBB, teve in\u00edcio em 2008 e acontece anualmente com o objetivo de dinamizar a &hellip;<\/p>\n<p class=\"read-more\"> <a class=\"\" href=\"https:\/\/www.cnbb.org.br\/semana-brasileira-sobre-a-missao-continental-acontece-em-brasilia\/\"> <span class=\"screen-reader-text\">Semana Brasileira sobre a Miss\u00e3o Continental acontece em Bras\u00edlia<\/span> Leia mais &raquo;<\/a><\/p>\n","protected":false},"author":83,"featured_media":17277,"comment_status":"open","ping_status":"open","sticky":false,"template":"","format":"standard","meta":{"site-sidebar-layout":"default","site-content-layout":"default","ast-global-header-display":"","ast-banner-title-visibility":"","ast-main-header-display":"","ast-hfb-above-header-display":"","ast-hfb-below-header-display":"","ast-hfb-mobile-header-display":"","site-post-title":"","ast-breadcrumbs-content":"","ast-featured-img":"","footer-sml-layout":"","theme-transparent-header-meta":"","adv-header-id-meta":"","stick-header-meta":"","header-above-stick-meta":"","header-main-stick-meta":"","header-below-stick-meta":""},"categories":[841],"tags":[],"acf":[],"_links":{"self":[{"href":"https:\/\/www.cnbb.org.br\/cnbb-app\/wp\/v2\/posts\/17276"}],"collection":[{"href":"https:\/\/www.cnbb.org.br\/cnbb-app\/wp\/v2\/posts"}],"about":[{"href":"https:\/\/www.cnbb.org.br\/cnbb-app\/wp\/v2\/types\/post"}],"author":[{"embeddable":true,"href":"https:\/\/www.cnbb.org.br\/cnbb-app\/wp\/v2\/users\/83"}],"replies":[{"embeddable":true,"href":"https:\/\/www.cnbb.org.br\/cnbb-app\/wp\/v2\/comments?post=17276"}],"version-history":[{"count":0,"href":"https:\/\/www.cnbb.org.br\/cnbb-app\/wp\/v2\/posts\/17276\/revisions"}],"wp:featuredmedia":[{"embeddable":true,"href":"https:\/\/www.cnbb.org.br\/cnbb-app\/wp\/v2\/media\/17277"}],"wp:attachment":[{"href":"https:\/\/www.cnbb.org.br\/cnbb-app\/wp\/v2\/media?parent=17276"}],"wp:term":[{"taxonomy":"category","embeddable":true,"href":"https:\/\/www.cnbb.org.br\/cnbb-app\/wp\/v2\/categories?post=17276"},{"taxonomy":"post_tag","embeddable":true,"href":"https:\/\/www.cnbb.org.br\/cnbb-app\/wp\/v2\/tags?post=17276"}],"curies":[{"name":"wp","href":"https:\/\/api.w.org\/{rel}","templated":true}]}}