{"id":17296,"date":"2010-09-30T00:00:00","date_gmt":"2010-09-30T03:00:00","guid":{"rendered":"https:\/\/www.cnbb.org.br\/madre-barbara-maix-sera-beatificada-no-brasil\/"},"modified":"2010-09-30T00:00:00","modified_gmt":"2010-09-30T03:00:00","slug":"madre-barbara-maix-sera-beatificada-no-brasil","status":"publish","type":"post","link":"https:\/\/www.cnbb.org.br\/madre-barbara-maix-sera-beatificada-no-brasil\/","title":{"rendered":"Madre B\u00e1rbara Maix ser\u00e1 beatificada no Brasil"},"content":{"rendered":"<p style=\"text-align: justify\">No dia 6 de novembro, em Porto Alegre (RS), acontece a beatifica\u00e7\u00e3o de Madre B\u00e1rbara Maix. O processo, que come\u00e7ou em 1993, teve a autoriza\u00e7\u00e3o do Vaticano publicada em maio deste ano, pelo papa Bento XVI, atrav\u00e9s do decreto do milagre atribu\u00eddo a intercess\u00e3o da madre. O decreto fala sobre o menino Onorino Ecker, que em julho de 1944, ficou completamente curado ap\u00f3s sofrer queimaduras de terceiro grau. O garoto brincava quando lhe sobreveio uma panela de \u00e1gua fervente. Atrav\u00e9s do reconhecimento deste milagre, deu-se o \u00faltimo passo de beatifica\u00e7\u00e3o.<\/p>\n<p>  <!--more-->  <\/p>\n<p style=\"text-align: justify\">A cerim\u00f4nia de beatifica\u00e7\u00e3o ser\u00e1 presidida pelo prefeito da congrega\u00e7\u00e3o para a Causa dos Santos, dom \u00c2ngelo Amato, e faz parte das comemora\u00e7\u00f5es dos cem anos da arquidiocese de Porto Alegre.<\/p>\n<p style=\"text-align: justify\">\u201cAs beatifica\u00e7\u00f5es acontecem nas Igrejas locais, porque do ponto de vista pastoral, de evangeliza\u00e7\u00e3o, \u00e9 uma experi\u00eancia espl\u00eandida. Beatificar uma pessoa na comunidade onde ela viveu e doou a vida \u00e9 um forte convite aos concidad\u00e3os a seguir seu exemplo de firmeza na f\u00e9, de esperan\u00e7a inabal\u00e1vel e amor sem reserva\u201d, disse a postuladora da causa, irm\u00e3 Gentilla Richetti.<\/p>\n<p style=\"text-align: justify\">B\u00e1rbara Maix nasceu na \u00c1ustria, mas a persegui\u00e7\u00e3o \u00e0s ordens religiosas, movida pela revolu\u00e7\u00e3o de 1848, fez com que ela e outras 21 companheiras fossem expulsas do pa\u00eds. Em maio de 1849, j\u00e1 no Brasil, a religiosa fundou a congrega\u00e7\u00e3o das Irm\u00e3s do Imaculado Cora\u00e7\u00e3o de Maria, no Rio de Janeiro. \u201cSer\u00e1 um revigoramento para toda a congrega\u00e7\u00e3o, levando-nos a buscar na fonte original a for\u00e7a dinamizadora para darmos continuidade a esta obra que, conforme B\u00e1rbara afirmou, \u00e9 de Deus\u201d, declarou a diretora. geral da congrega\u00e7\u00e3o, irm\u00e3 Marlise Handges.<\/p>\n<p style=\"text-align: justify\">Irm\u00e3 Marlise falou sobre as mudan\u00e7as que esse per\u00edodo trouxe \u00e0 congrega\u00e7\u00e3o. \u201c\u00c0 medida que a Congrega\u00e7\u00e3o foi conhecendo mais a vida da Fundadora, sua miss\u00e3o e seus escritos, foi percebendo que n\u00e3o poderia reter esta riqueza de vida apenas para si. Era preciso que o seu exemplo fosse divulgado, para que outras pessoas pudessem se inspirar e perceber que a doa\u00e7\u00e3o da vida, apesar dos sofrimentos, vale \u00e0 pena e leva \u00e0 verdadeira realiza\u00e7\u00e3o\u201d, afirmou a religiosa.<\/p>\n<p style=\"text-align: justify\">A Congrega\u00e7\u00e3o das Irm\u00e3s do Imaculado Cora\u00e7\u00e3o de Maria est\u00e1 presente no Brasil e em mais oito pa\u00edses: Argentina, Estados Unidos, Paraguai, Venezuela, Mo\u00e7ambique, Bol\u00edvia, It\u00e1lia e Haiti.<\/p>\n","protected":false},"excerpt":{"rendered":"<p>No dia 6 de novembro, em Porto Alegre (RS), acontece a beatifica\u00e7\u00e3o de Madre B\u00e1rbara Maix. O processo, que come\u00e7ou em 1993, teve a autoriza\u00e7\u00e3o do Vaticano publicada em maio deste ano, pelo papa Bento XVI, atrav\u00e9s do decreto do milagre atribu\u00eddo a intercess\u00e3o da madre. O decreto fala sobre o menino Onorino Ecker, que &hellip;<\/p>\n<p class=\"read-more\"> <a class=\"\" href=\"https:\/\/www.cnbb.org.br\/madre-barbara-maix-sera-beatificada-no-brasil\/\"> <span class=\"screen-reader-text\">Madre B\u00e1rbara Maix ser\u00e1 beatificada no Brasil<\/span> Leia mais &raquo;<\/a><\/p>\n","protected":false},"author":83,"featured_media":17297,"comment_status":"open","ping_status":"open","sticky":false,"template":"","format":"standard","meta":{"site-sidebar-layout":"default","site-content-layout":"default","ast-global-header-display":"","ast-banner-title-visibility":"","ast-main-header-display":"","ast-hfb-above-header-display":"","ast-hfb-below-header-display":"","ast-hfb-mobile-header-display":"","site-post-title":"","ast-breadcrumbs-content":"","ast-featured-img":"","footer-sml-layout":"","theme-transparent-header-meta":"","adv-header-id-meta":"","stick-header-meta":"","header-above-stick-meta":"","header-main-stick-meta":"","header-below-stick-meta":""},"categories":[841],"tags":[],"acf":[],"_links":{"self":[{"href":"https:\/\/www.cnbb.org.br\/cnbb-app\/wp\/v2\/posts\/17296"}],"collection":[{"href":"https:\/\/www.cnbb.org.br\/cnbb-app\/wp\/v2\/posts"}],"about":[{"href":"https:\/\/www.cnbb.org.br\/cnbb-app\/wp\/v2\/types\/post"}],"author":[{"embeddable":true,"href":"https:\/\/www.cnbb.org.br\/cnbb-app\/wp\/v2\/users\/83"}],"replies":[{"embeddable":true,"href":"https:\/\/www.cnbb.org.br\/cnbb-app\/wp\/v2\/comments?post=17296"}],"version-history":[{"count":0,"href":"https:\/\/www.cnbb.org.br\/cnbb-app\/wp\/v2\/posts\/17296\/revisions"}],"wp:featuredmedia":[{"embeddable":true,"href":"https:\/\/www.cnbb.org.br\/cnbb-app\/wp\/v2\/media\/17297"}],"wp:attachment":[{"href":"https:\/\/www.cnbb.org.br\/cnbb-app\/wp\/v2\/media?parent=17296"}],"wp:term":[{"taxonomy":"category","embeddable":true,"href":"https:\/\/www.cnbb.org.br\/cnbb-app\/wp\/v2\/categories?post=17296"},{"taxonomy":"post_tag","embeddable":true,"href":"https:\/\/www.cnbb.org.br\/cnbb-app\/wp\/v2\/tags?post=17296"}],"curies":[{"name":"wp","href":"https:\/\/api.w.org\/{rel}","templated":true}]}}