{"id":17307,"date":"2010-11-16T00:00:00","date_gmt":"2010-11-16T02:00:00","guid":{"rendered":"https:\/\/www.cnbb.org.br\/dom-damasceno-participa-de-consistorio-em-roma\/"},"modified":"2010-11-16T00:00:00","modified_gmt":"2010-11-16T02:00:00","slug":"dom-damasceno-participa-de-consistorio-em-roma","status":"publish","type":"post","link":"https:\/\/www.cnbb.org.br\/dom-damasceno-participa-de-consistorio-em-roma\/","title":{"rendered":"Dom Damasceno participa de Consist\u00f3rio em Roma"},"content":{"rendered":"<p style=\"text-align: justify\">No s\u00e1bado, 20, o arcebispo de Aparecida (SP) e presidente do Conselho Episcopal Latino-americano (Celam), dom Raymundo Damasceno Assis, receber\u00e1 o barrete cardinal\u00edcio (chap\u00e9u vermelho que \u00e9 a ins\u00edgnia dos cardeais da Igreja Cat\u00f3lica), durante o consist\u00f3rio (reuni\u00e3o formal de cria\u00e7\u00e3o dos cardeais) no Vaticano, que criar\u00e1 24 novos cardeais, pelo papa Bento XVI.<\/p>\n<p>  <!--more-->  <\/p>\n<p style=\"text-align: justify\">No dia 21, durante a celebra\u00e7\u00e3o eucar\u00edstica, ser\u00e1 entregue o anel de cardeal. O Consist\u00f3rio e a missa acontecem na Bas\u00edlica de S\u00e3o Pedro. Este ser\u00e1 o terceiro Consist\u00f3rio do pontificado de Bento XVI e os cardeais chegar\u00e3o a um total de 203, dos quais 121 eleitores.<\/p>\n<p style=\"text-align: justify\"><strong>An\u00fancio<\/strong><\/p>\n<p style=\"text-align: justify\">Bento XVI anunciou a nomea\u00e7\u00e3o dos 24 novos cardeais, entre os quais o brasileiro, dom Raymundo Damasceno Assis, no dia 20 de outubro. Com sua nomea\u00e7\u00e3o, o Brasil passa a ter nove cardeais, dos quais seis s\u00e3o em\u00e9ritos. Dos 24 novos cardeais, 20 t\u00eam menos de 80 anos e s\u00e3o eleitores.<\/p>\n","protected":false},"excerpt":{"rendered":"<p>No s\u00e1bado, 20, o arcebispo de Aparecida (SP) e presidente do Conselho Episcopal Latino-americano (Celam), dom Raymundo Damasceno Assis, receber\u00e1 o barrete cardinal\u00edcio (chap\u00e9u vermelho que \u00e9 a ins\u00edgnia dos cardeais da Igreja Cat\u00f3lica), durante o consist\u00f3rio (reuni\u00e3o formal de cria\u00e7\u00e3o dos cardeais) no Vaticano, que criar\u00e1 24 novos cardeais, pelo papa Bento XVI.<\/p>\n","protected":false},"author":83,"featured_media":17308,"comment_status":"open","ping_status":"open","sticky":false,"template":"","format":"standard","meta":{"site-sidebar-layout":"default","site-content-layout":"default","ast-global-header-display":"","ast-banner-title-visibility":"","ast-main-header-display":"","ast-hfb-above-header-display":"","ast-hfb-below-header-display":"","ast-hfb-mobile-header-display":"","site-post-title":"","ast-breadcrumbs-content":"","ast-featured-img":"","footer-sml-layout":"","theme-transparent-header-meta":"","adv-header-id-meta":"","stick-header-meta":"","header-above-stick-meta":"","header-main-stick-meta":"","header-below-stick-meta":""},"categories":[841],"tags":[],"acf":[],"_links":{"self":[{"href":"https:\/\/www.cnbb.org.br\/cnbb-app\/wp\/v2\/posts\/17307"}],"collection":[{"href":"https:\/\/www.cnbb.org.br\/cnbb-app\/wp\/v2\/posts"}],"about":[{"href":"https:\/\/www.cnbb.org.br\/cnbb-app\/wp\/v2\/types\/post"}],"author":[{"embeddable":true,"href":"https:\/\/www.cnbb.org.br\/cnbb-app\/wp\/v2\/users\/83"}],"replies":[{"embeddable":true,"href":"https:\/\/www.cnbb.org.br\/cnbb-app\/wp\/v2\/comments?post=17307"}],"version-history":[{"count":0,"href":"https:\/\/www.cnbb.org.br\/cnbb-app\/wp\/v2\/posts\/17307\/revisions"}],"wp:featuredmedia":[{"embeddable":true,"href":"https:\/\/www.cnbb.org.br\/cnbb-app\/wp\/v2\/media\/17308"}],"wp:attachment":[{"href":"https:\/\/www.cnbb.org.br\/cnbb-app\/wp\/v2\/media?parent=17307"}],"wp:term":[{"taxonomy":"category","embeddable":true,"href":"https:\/\/www.cnbb.org.br\/cnbb-app\/wp\/v2\/categories?post=17307"},{"taxonomy":"post_tag","embeddable":true,"href":"https:\/\/www.cnbb.org.br\/cnbb-app\/wp\/v2\/tags?post=17307"}],"curies":[{"name":"wp","href":"https:\/\/api.w.org\/{rel}","templated":true}]}}