{"id":17317,"date":"2010-12-08T00:00:00","date_gmt":"2010-12-08T02:00:00","guid":{"rendered":"https:\/\/www.cnbb.org.br\/juiz-de-fora-recebe-a-imagem-peregrina-de-nossa-senhora-de-fatima\/"},"modified":"2010-12-08T00:00:00","modified_gmt":"2010-12-08T02:00:00","slug":"juiz-de-fora-recebe-a-imagem-peregrina-de-nossa-senhora-de-fatima","status":"publish","type":"post","link":"https:\/\/www.cnbb.org.br\/juiz-de-fora-recebe-a-imagem-peregrina-de-nossa-senhora-de-fatima\/","title":{"rendered":"Juiz de Fora recebe a imagem peregrina de Nossa Senhora de F\u00e1tima"},"content":{"rendered":"<p style=\"text-align: justify\">Juiz de Fora (MG) recebe a partir de hoje, 8, a imagem peregrina de Nossa Senhora de F\u00e1tima, vinda de Portugal. A r\u00e9plica da imagem oficial vai percorrer, na cidade mineira, as par\u00f3quias de Santo Ant\u00f4nio (Catedral Metropolitana), S\u00e3o Pedro (Bairro S\u00e3o Pedro) e S\u00e3o Mateus (bairro de mesmo nome). A imagem fica na cidade at\u00e9 o dia 12.<\/p>\n<p>  <!--more-->  <\/p>\n<p style=\"text-align: justify\">A imagem peregrina \u00e9 uma das 11 r\u00e9plicas da imagem oficial que fica no santu\u00e1rio de F\u00e1tima, Portugal. Ela tem 1,30 m e percorre o mundo todo com o objetivo de levar uma mensagem de paz e amor. Ela [imagem] chegou ao Brasil para o Congresso Eucar\u00edstico Nacional que aconteceu em abril na Capital Federal. Desde ent\u00e3o est\u00e1 sob a responsabilidade da diocese de Campos dos Goytacases (RJ) que gerencia a peregrina\u00e7\u00e3o da imagem.<\/p>\n<p style=\"text-align: justify\">A primeira parada da r\u00e9plica ser\u00e1 na catedral metropolitana, com a Novena Perp\u00e9tua. J\u00e1 na quinta-feira, 9, ainda na catedral metropolitana, ser\u00e1 celebrada uma missa \u00e0s 12h pelo arcebispo dom Gil Ant\u00f4nio Moreira. No s\u00e1bado a imagem segue para a par\u00f3quia S\u00e3o Pedro, onde os fieis poder\u00e3o participar de missas \u00e0s 18h e 19h30.<\/p>\n<p style=\"text-align: justify\">\u201cPara a cidade de Juiz de Fora, a visita representa uma b\u00ean\u00e7\u00e3o de Deus atrav\u00e9s da imagem peregrina de Nossa Senhora de F\u00e1tima. Para os paroquianos ser\u00e1 uma forma da comunidade se preparar para o Natal, al\u00e9m da oportunidade de agradecer pelo ano lit\u00fargico que come\u00e7a e que j\u00e1 passou&#8221;, destacou o p\u00e1roco de S\u00e3o Mateus e um dos organizadores do evento em Juiz de Fora, padre Marcelo Magalh\u00e3es.<\/p>\n","protected":false},"excerpt":{"rendered":"<p>Juiz de Fora (MG) recebe a partir de hoje, 8, a imagem peregrina de Nossa Senhora de F\u00e1tima, vinda de Portugal. A r\u00e9plica da imagem oficial vai percorrer, na cidade mineira, as par\u00f3quias de Santo Ant\u00f4nio (Catedral Metropolitana), S\u00e3o Pedro (Bairro S\u00e3o Pedro) e S\u00e3o Mateus (bairro de mesmo nome). A imagem fica na cidade &hellip;<\/p>\n<p class=\"read-more\"> <a class=\"\" href=\"https:\/\/www.cnbb.org.br\/juiz-de-fora-recebe-a-imagem-peregrina-de-nossa-senhora-de-fatima\/\"> <span class=\"screen-reader-text\">Juiz de Fora recebe a imagem peregrina de Nossa Senhora de F\u00e1tima<\/span> Leia mais &raquo;<\/a><\/p>\n","protected":false},"author":83,"featured_media":17318,"comment_status":"open","ping_status":"open","sticky":false,"template":"","format":"standard","meta":{"site-sidebar-layout":"default","site-content-layout":"default","ast-global-header-display":"","ast-banner-title-visibility":"","ast-main-header-display":"","ast-hfb-above-header-display":"","ast-hfb-below-header-display":"","ast-hfb-mobile-header-display":"","site-post-title":"","ast-breadcrumbs-content":"","ast-featured-img":"","footer-sml-layout":"","theme-transparent-header-meta":"","adv-header-id-meta":"","stick-header-meta":"","header-above-stick-meta":"","header-main-stick-meta":"","header-below-stick-meta":""},"categories":[841],"tags":[],"acf":[],"_links":{"self":[{"href":"https:\/\/www.cnbb.org.br\/cnbb-app\/wp\/v2\/posts\/17317"}],"collection":[{"href":"https:\/\/www.cnbb.org.br\/cnbb-app\/wp\/v2\/posts"}],"about":[{"href":"https:\/\/www.cnbb.org.br\/cnbb-app\/wp\/v2\/types\/post"}],"author":[{"embeddable":true,"href":"https:\/\/www.cnbb.org.br\/cnbb-app\/wp\/v2\/users\/83"}],"replies":[{"embeddable":true,"href":"https:\/\/www.cnbb.org.br\/cnbb-app\/wp\/v2\/comments?post=17317"}],"version-history":[{"count":0,"href":"https:\/\/www.cnbb.org.br\/cnbb-app\/wp\/v2\/posts\/17317\/revisions"}],"wp:featuredmedia":[{"embeddable":true,"href":"https:\/\/www.cnbb.org.br\/cnbb-app\/wp\/v2\/media\/17318"}],"wp:attachment":[{"href":"https:\/\/www.cnbb.org.br\/cnbb-app\/wp\/v2\/media?parent=17317"}],"wp:term":[{"taxonomy":"category","embeddable":true,"href":"https:\/\/www.cnbb.org.br\/cnbb-app\/wp\/v2\/categories?post=17317"},{"taxonomy":"post_tag","embeddable":true,"href":"https:\/\/www.cnbb.org.br\/cnbb-app\/wp\/v2\/tags?post=17317"}],"curies":[{"name":"wp","href":"https:\/\/api.w.org\/{rel}","templated":true}]}}