{"id":17322,"date":"2010-12-17T00:00:00","date_gmt":"2010-12-17T02:00:00","guid":{"rendered":"https:\/\/www.cnbb.org.br\/concluida-fase-diocesana-do-processo-de-canonizacao-de-advogado-brasileiro\/"},"modified":"2010-12-17T00:00:00","modified_gmt":"2010-12-17T02:00:00","slug":"concluida-fase-diocesana-do-processo-de-canonizacao-de-advogado-brasileiro","status":"publish","type":"post","link":"https:\/\/www.cnbb.org.br\/concluida-fase-diocesana-do-processo-de-canonizacao-de-advogado-brasileiro\/","title":{"rendered":"Conclu\u00edda fase diocesana do Processo de canoniza\u00e7\u00e3o de advogado brasileiro"},"content":{"rendered":"<p style=\"text-align: justify\">Ap\u00f3s um ano e nove meses de trabalho, a diocese de S\u00e3o Jos\u00e9 dos Campos (SP) enviar\u00e1 para a Congrega\u00e7\u00e3o para a Causa dos Santos, no Vaticano, a documenta\u00e7\u00e3o levantada sobre o Servo de Deus, Franz de Castro Holzwarth, cujo processo para investiga\u00e7\u00e3o de mart\u00edrio foi aberto em 6 de mar\u00e7o de 2009. A sess\u00e3o de encerramento acontece no dia 22 de dezembro, \u00e0s 15h, no Semin\u00e1rio Diocesano, em S\u00e3o Jos\u00e9 dos Campos, onde foi instalado o Tribunal, com a participa\u00e7\u00e3o de padre Paolo Lombardo, membro da Congrega\u00e7\u00e3o para a Causa dos Santos e do postulador, Paolo Vilotta.<\/p>\n<p>  <!--more-->  <\/p>\n<p style=\"text-align: justify\">Natural de Barra do Pira\u00ed (RJ), Franz de Castro Holzwarth se mudou para Jacare\u00ed, na d\u00e9cada de 1960 para estudar Direito. Nesta \u00e9poca, conhece a Associa\u00e7\u00e3o de Prote\u00e7\u00e3o aos Condenados (Apac) e passa a trabalhar voluntariamente na evangeliza\u00e7\u00e3o dos detentos. No dia 14 de fevereiro de 1981, uma rebeli\u00e3o na cadeia de Jacare\u00ed faz com que M\u00e1rio Ottoboni, fundador da Apac, e o advogado Franz de Castro participem das negocia\u00e7\u00f5es de rendi\u00e7\u00e3o dos detentos rebelados.\u00a0 Franz troca de lugar com um ref\u00e9m para acompanhar os detentos na fuga, que \u00e9 frustrada por um tiroteio, culminando com a morte dos cinco fugitivos e do Dr. Franz. As cenas do tiroteio foram gravadas e a reportagem do fato foi feita pelo jornalista Carlos Nascimento.<\/p>\n","protected":false},"excerpt":{"rendered":"<p>Ap\u00f3s um ano e nove meses de trabalho, a diocese de S\u00e3o Jos\u00e9 dos Campos (SP) enviar\u00e1 para a Congrega\u00e7\u00e3o para a Causa dos Santos, no Vaticano, a documenta\u00e7\u00e3o levantada sobre o Servo de Deus, Franz de Castro Holzwarth, cujo processo para investiga\u00e7\u00e3o de mart\u00edrio foi aberto em 6 de mar\u00e7o de 2009. A sess\u00e3o &hellip;<\/p>\n<p class=\"read-more\"> <a class=\"\" href=\"https:\/\/www.cnbb.org.br\/concluida-fase-diocesana-do-processo-de-canonizacao-de-advogado-brasileiro\/\"> <span class=\"screen-reader-text\">Conclu\u00edda fase diocesana do Processo de canoniza\u00e7\u00e3o de advogado brasileiro<\/span> Leia mais &raquo;<\/a><\/p>\n","protected":false},"author":83,"featured_media":17323,"comment_status":"open","ping_status":"open","sticky":false,"template":"","format":"standard","meta":{"site-sidebar-layout":"default","site-content-layout":"default","ast-global-header-display":"","ast-banner-title-visibility":"","ast-main-header-display":"","ast-hfb-above-header-display":"","ast-hfb-below-header-display":"","ast-hfb-mobile-header-display":"","site-post-title":"","ast-breadcrumbs-content":"","ast-featured-img":"","footer-sml-layout":"","theme-transparent-header-meta":"","adv-header-id-meta":"","stick-header-meta":"","header-above-stick-meta":"","header-main-stick-meta":"","header-below-stick-meta":""},"categories":[841],"tags":[],"acf":[],"_links":{"self":[{"href":"https:\/\/www.cnbb.org.br\/cnbb-app\/wp\/v2\/posts\/17322"}],"collection":[{"href":"https:\/\/www.cnbb.org.br\/cnbb-app\/wp\/v2\/posts"}],"about":[{"href":"https:\/\/www.cnbb.org.br\/cnbb-app\/wp\/v2\/types\/post"}],"author":[{"embeddable":true,"href":"https:\/\/www.cnbb.org.br\/cnbb-app\/wp\/v2\/users\/83"}],"replies":[{"embeddable":true,"href":"https:\/\/www.cnbb.org.br\/cnbb-app\/wp\/v2\/comments?post=17322"}],"version-history":[{"count":0,"href":"https:\/\/www.cnbb.org.br\/cnbb-app\/wp\/v2\/posts\/17322\/revisions"}],"wp:featuredmedia":[{"embeddable":true,"href":"https:\/\/www.cnbb.org.br\/cnbb-app\/wp\/v2\/media\/17323"}],"wp:attachment":[{"href":"https:\/\/www.cnbb.org.br\/cnbb-app\/wp\/v2\/media?parent=17322"}],"wp:term":[{"taxonomy":"category","embeddable":true,"href":"https:\/\/www.cnbb.org.br\/cnbb-app\/wp\/v2\/categories?post=17322"},{"taxonomy":"post_tag","embeddable":true,"href":"https:\/\/www.cnbb.org.br\/cnbb-app\/wp\/v2\/tags?post=17322"}],"curies":[{"name":"wp","href":"https:\/\/api.w.org\/{rel}","templated":true}]}}