{"id":17336,"date":"2011-02-24T00:00:00","date_gmt":"2011-02-24T03:00:00","guid":{"rendered":"https:\/\/www.cnbb.org.br\/retomada-a-celebracao-da-missa-dos-parlamentares-na-sede-da-cnbb\/"},"modified":"2011-02-24T00:00:00","modified_gmt":"2011-02-24T03:00:00","slug":"retomada-a-celebracao-da-missa-dos-parlamentares-na-sede-da-cnbb","status":"publish","type":"post","link":"https:\/\/www.cnbb.org.br\/retomada-a-celebracao-da-missa-dos-parlamentares-na-sede-da-cnbb\/","title":{"rendered":"Retomada a celebra\u00e7\u00e3o da missa dos parlamentares na sede da CNBB"},"content":{"rendered":"<p style=\"text-align: justify\">Cerca de 40 pessoas dentre senadores, deputados, assessores parlamentares e integrantes da CNBB participaram, na manh\u00e3 desta quinta-feira, 24, da Missa dos Parlamentares, na capela da Confer\u00eancia Nacional dos Bispos do Brasil (CNBB). A celebra\u00e7\u00e3o, retomada ap\u00f3s o recesso parlamentar, \u00e9 organizada pela Assessoria Pol\u00edtica da CNBB e pela Comiss\u00e3o Brasileira Justi\u00e7a e Paz (CBJP).<\/p>\n<p>  <!--more-->  <\/p>\n<p style=\"text-align: justify\">O secret\u00e1rio geral da CNBB, dom Dimas Lara Barbosa, presidiu a missa e lembrou o compromisso do crist\u00e3o de ser sal da terra, segundo o evangelho.\u00a0 \u201cSomos chamados a ser sal da terra e a vivermos a op\u00e7\u00e3o pelo reino de Deus em cada atitude. E essa escolha n\u00e3o se limita \u00e0s a\u00e7\u00f5es, mas, principalmente, ao que trazemos em nosso cora\u00e7\u00e3o\u201d, disse dom Dimas. \u201cDevemos fazer o que Jesus faria em nosso lugar e, para isso, \u00e9 preciso conhec\u00ea-Lo\u201d, acrescentou.<\/p>\n<p style=\"text-align: justify\">No momento das preces, os parlamentares apresentaram inten\u00e7\u00f5es em favor da paz na L\u00edbia, pediram inspira\u00e7\u00e3o para seu trabalho e fizeram mem\u00f3ria de alguns falecidos, lembrando especialmente a m\u00e3e do deputado Chico Alencar, ocorrida nesta semana.<\/p>\n<p style=\"text-align: justify\">A missa dos parlamentares \u00e9 celebrada uma vez por m\u00eas, na terceira quinta-feira do m\u00eas,\u00a0 sempre \u00e0s 8 horas.<\/p>\n<p style=\"text-align: justify\">\u201cS\u00e3o os valores comuns que nos unem hoje aqui. \u00c9 maravilhoso ver os parlamentares reunidos para pedir as b\u00ean\u00e7\u00e3os de Deus sobre os brasileiros, sobre o Brasil\u201d, disse o deputado federal, Gabriel Chalita (PSB\/SP). \u201cTodos n\u00f3s, pol\u00edticos, o somos porque fomos escolhidos pelo povo e por Deus. Sendo assim, n\u00e3o podemos nos afastar do Senhor\u201d, disse a vereadora Marlene Parra (PT \/ RO), que, em visita a Bras\u00edlia, foi convidada a participar da celebra\u00e7\u00e3o.<\/p>\n","protected":false},"excerpt":{"rendered":"<p>Cerca de 40 pessoas dentre senadores, deputados, assessores parlamentares e integrantes da CNBB participaram, na manh\u00e3 desta quinta-feira, 24, da Missa dos Parlamentares, na capela da Confer\u00eancia Nacional dos Bispos do Brasil (CNBB). A celebra\u00e7\u00e3o, retomada ap\u00f3s o recesso parlamentar, \u00e9 organizada pela Assessoria Pol\u00edtica da CNBB e pela Comiss\u00e3o Brasileira Justi\u00e7a e Paz (CBJP).<\/p>\n","protected":false},"author":83,"featured_media":17337,"comment_status":"open","ping_status":"open","sticky":false,"template":"","format":"standard","meta":{"site-sidebar-layout":"default","site-content-layout":"default","ast-global-header-display":"","ast-banner-title-visibility":"","ast-main-header-display":"","ast-hfb-above-header-display":"","ast-hfb-below-header-display":"","ast-hfb-mobile-header-display":"","site-post-title":"","ast-breadcrumbs-content":"","ast-featured-img":"","footer-sml-layout":"","theme-transparent-header-meta":"","adv-header-id-meta":"","stick-header-meta":"","header-above-stick-meta":"","header-main-stick-meta":"","header-below-stick-meta":""},"categories":[841],"tags":[],"acf":[],"_links":{"self":[{"href":"https:\/\/www.cnbb.org.br\/cnbb-app\/wp\/v2\/posts\/17336"}],"collection":[{"href":"https:\/\/www.cnbb.org.br\/cnbb-app\/wp\/v2\/posts"}],"about":[{"href":"https:\/\/www.cnbb.org.br\/cnbb-app\/wp\/v2\/types\/post"}],"author":[{"embeddable":true,"href":"https:\/\/www.cnbb.org.br\/cnbb-app\/wp\/v2\/users\/83"}],"replies":[{"embeddable":true,"href":"https:\/\/www.cnbb.org.br\/cnbb-app\/wp\/v2\/comments?post=17336"}],"version-history":[{"count":0,"href":"https:\/\/www.cnbb.org.br\/cnbb-app\/wp\/v2\/posts\/17336\/revisions"}],"wp:featuredmedia":[{"embeddable":true,"href":"https:\/\/www.cnbb.org.br\/cnbb-app\/wp\/v2\/media\/17337"}],"wp:attachment":[{"href":"https:\/\/www.cnbb.org.br\/cnbb-app\/wp\/v2\/media?parent=17336"}],"wp:term":[{"taxonomy":"category","embeddable":true,"href":"https:\/\/www.cnbb.org.br\/cnbb-app\/wp\/v2\/categories?post=17336"},{"taxonomy":"post_tag","embeddable":true,"href":"https:\/\/www.cnbb.org.br\/cnbb-app\/wp\/v2\/tags?post=17336"}],"curies":[{"name":"wp","href":"https:\/\/api.w.org\/{rel}","templated":true}]}}