{"id":17338,"date":"2011-02-25T00:00:00","date_gmt":"2011-02-25T03:00:00","guid":{"rendered":"https:\/\/www.cnbb.org.br\/lancado-subsidio-de-oracao-pela-assembleia-da-cnbb-em-maio\/"},"modified":"2011-02-25T00:00:00","modified_gmt":"2011-02-25T03:00:00","slug":"lancado-subsidio-de-oracao-pela-assembleia-da-cnbb-em-maio","status":"publish","type":"post","link":"https:\/\/www.cnbb.org.br\/lancado-subsidio-de-oracao-pela-assembleia-da-cnbb-em-maio\/","title":{"rendered":"Lan\u00e7ado subs\u00eddio de ora\u00e7\u00e3o pela Assembleia da CNBB em maio"},"content":{"rendered":"<p style=\"text-align: justify\">A 49\u00aa Assembleia Geral da Confer\u00eancia Nacional dos Bispos do Brasil (CNBB), que acontecer\u00e1 de 4 a 13 de maio, em Aparecida (SP), dever\u00e1 reunir mais de 300 bispos de todas as dioceses do Brasil. Para que os fi\u00e9is possam se sentir um pouco mais perto desse grande evento da Igreja no Brasil, a CNBB est\u00e1 lan\u00e7ando o subs\u00eddio de ora\u00e7\u00e3o \u201cRezemos com os Bispos do Brasil Reunidos em Aparecida\u201d.<\/p>\n<p>  <!--more-->  <\/p>\n<p style=\"text-align: justify\">Segundo o subsecret\u00e1rio adjunto de Pastoral da CNBB, padre Ademar Agostinho Sauthier, o subs\u00eddio serve n\u00e3o apenas para ora\u00e7\u00e3o, mas tamb\u00e9m de base para uma reflex\u00e3o maior dos temas ligados \u00e0 Igreja no Brasil. \u201cPropomos, com essa cartilha, temas para conversas, partilha de experi\u00eancia, reflex\u00e3o e ora\u00e7\u00e3o, a serem usados em cada dia, como um modo de acompanhar fraternamente os nossos bispos. Re\u00fana-se, acompanhe as not\u00edcias da Assembleia e fa\u00e7a suas reflex\u00f5es e ora\u00e7\u00f5es espont\u00e2neas a partir dos textos propostos para cada dia\u201d, ressaltou.<\/p>\n<p style=\"text-align: justify\">A cartilha cont\u00e9m ora\u00e7\u00f5es para todos os dias da Assembleia. No pr\u00f3prio subs\u00eddio, que pode ser encontrado gratuitamente no site da CNBB (www.cnbb.org.br), destaca-se que todos s\u00e3o convidados a sentirem-se mais pr\u00f3ximos dos bispos reunidos em Aparecida.<\/p>\n<p style=\"text-align: justify\">\u201cVoc\u00ea, sua fam\u00edlia, sua comunidade, s\u00e3o especialmente convidados a entrar em sintonia com os nossos bispos reunidos em ora\u00e7\u00e3o e a acompanhar dia a dia, passo a passo, o desenrolar dos acontecimentos da Assembleia Geral. \u00c9 nosso jeito de afirmar que todos nos sentimos respons\u00e1veis pela Igreja, em comunh\u00e3o uns com os outros e com os nossos pastores, unidos numa corrente de f\u00e9\u201d, diz um trecho da cartilha.<\/p>\n<p style=\"text-align: justify\">A cartilha j\u00e1 foi enviada a todas as dioceses do Brasil para que os padres fa\u00e7am a divulga\u00e7\u00e3o do material nas missas.<\/p>\n<p style=\"text-align: justify\"><strong><a target=\"_blank\" href=\"component\/docman\/doc_download\/1284-subsidio-de-oracao-pela-assembleia-da-cnbb\" rel=\"noopener noreferrer\">Para baixar a cartilha, clique aqui.<\/a><\/strong><\/p>\n","protected":false},"excerpt":{"rendered":"<p>A 49\u00aa Assembleia Geral da Confer\u00eancia Nacional dos Bispos do Brasil (CNBB), que acontecer\u00e1 de 4 a 13 de maio, em Aparecida (SP), dever\u00e1 reunir mais de 300 bispos de todas as dioceses do Brasil. Para que os fi\u00e9is possam se sentir um pouco mais perto desse grande evento da Igreja no Brasil, a CNBB &hellip;<\/p>\n<p class=\"read-more\"> <a class=\"\" href=\"https:\/\/www.cnbb.org.br\/lancado-subsidio-de-oracao-pela-assembleia-da-cnbb-em-maio\/\"> <span class=\"screen-reader-text\">Lan\u00e7ado subs\u00eddio de ora\u00e7\u00e3o pela Assembleia da CNBB em maio<\/span> Leia mais &raquo;<\/a><\/p>\n","protected":false},"author":83,"featured_media":17339,"comment_status":"open","ping_status":"open","sticky":false,"template":"","format":"standard","meta":{"site-sidebar-layout":"default","site-content-layout":"default","ast-global-header-display":"","ast-banner-title-visibility":"","ast-main-header-display":"","ast-hfb-above-header-display":"","ast-hfb-below-header-display":"","ast-hfb-mobile-header-display":"","site-post-title":"","ast-breadcrumbs-content":"","ast-featured-img":"","footer-sml-layout":"","theme-transparent-header-meta":"","adv-header-id-meta":"","stick-header-meta":"","header-above-stick-meta":"","header-main-stick-meta":"","header-below-stick-meta":""},"categories":[841],"tags":[],"acf":[],"_links":{"self":[{"href":"https:\/\/www.cnbb.org.br\/cnbb-app\/wp\/v2\/posts\/17338"}],"collection":[{"href":"https:\/\/www.cnbb.org.br\/cnbb-app\/wp\/v2\/posts"}],"about":[{"href":"https:\/\/www.cnbb.org.br\/cnbb-app\/wp\/v2\/types\/post"}],"author":[{"embeddable":true,"href":"https:\/\/www.cnbb.org.br\/cnbb-app\/wp\/v2\/users\/83"}],"replies":[{"embeddable":true,"href":"https:\/\/www.cnbb.org.br\/cnbb-app\/wp\/v2\/comments?post=17338"}],"version-history":[{"count":0,"href":"https:\/\/www.cnbb.org.br\/cnbb-app\/wp\/v2\/posts\/17338\/revisions"}],"wp:featuredmedia":[{"embeddable":true,"href":"https:\/\/www.cnbb.org.br\/cnbb-app\/wp\/v2\/media\/17339"}],"wp:attachment":[{"href":"https:\/\/www.cnbb.org.br\/cnbb-app\/wp\/v2\/media?parent=17338"}],"wp:term":[{"taxonomy":"category","embeddable":true,"href":"https:\/\/www.cnbb.org.br\/cnbb-app\/wp\/v2\/categories?post=17338"},{"taxonomy":"post_tag","embeddable":true,"href":"https:\/\/www.cnbb.org.br\/cnbb-app\/wp\/v2\/tags?post=17338"}],"curies":[{"name":"wp","href":"https:\/\/api.w.org\/{rel}","templated":true}]}}