{"id":17340,"date":"2011-03-02T00:00:00","date_gmt":"2011-03-02T03:00:00","guid":{"rendered":"https:\/\/www.cnbb.org.br\/criada-paroquia-para-comunidade-coreana-em-campinas\/"},"modified":"2011-03-02T00:00:00","modified_gmt":"2011-03-02T03:00:00","slug":"criada-paroquia-para-comunidade-coreana-em-campinas","status":"publish","type":"post","link":"https:\/\/www.cnbb.org.br\/criada-paroquia-para-comunidade-coreana-em-campinas\/","title":{"rendered":"Criada par\u00f3quia para comunidade coreana em Campinas"},"content":{"rendered":"<p style=\"text-align: justify\">A comunidade coreana de Campinas (SP) inaugurou, no domingo, 27 de fevereiro, com uma celebra\u00e7\u00e3o com aproximadamente 300 pessoas, a primeira par\u00f3quia pessoal voltada para os cat\u00f3licos nascidos nas Coreias do Norte e do Sul e seus descendentes presentes naquele munic\u00edpio.<\/p>\n<p>  <!--more-->  <\/p>\n<p style=\"text-align: justify\">O templo recebeu o nome de par\u00f3quia S\u00e3o Jung Paulo e fica no Largo Santa Cruz, no Cambu\u00ed, no territ\u00f3rio da par\u00f3quia Nossa Senhora das Dores, em Campinas. A celebra\u00e7\u00e3o foi presidida pelo arcebispo de Campinas, dom Bruno Gamberini, e contou com a presen\u00e7a de membros de comunidades coreanas de S\u00e3o Paulo e de outras cidades da regi\u00e3o.<\/p>\n<p style=\"text-align: justify\"><img decoding=\"async\" loading=\"lazy\" class=\" alignleft size-full wp-image-8642\" style=\"float: left\" alt=\"coreia1\" src=\"https:\/\/www.cnbb.org.br\/wp-content\/uploads\/2020\/03\/coreia1.jpg\" width=\"347\" height=\"195\" \/>A Comunidade Coreana em Campinas conta com cerca de cem pessoas. A par\u00f3quia \u201ccoreana\u201d \u00e9 a segunda no Brasil. A primeira est\u00e1 em S\u00e3o Paulo.<\/p>\n<p style=\"text-align: justify\">O presidente da comunidade coreana de Campinas, Jorge Chung, disse que essa \u00e9 uma oportunidade para que os coreanos cat\u00f3licos pratiquem a religi\u00e3o. \u201cTem muitos coreanos que n\u00e3o entendem muito bem o portugu\u00eas. E \u00e9 muito importante que todos estejam pr\u00f3ximos da f\u00e9\u201d, explicou. Chung afirmou, ainda, que a comunidade pretende colocar em pr\u00e1tica trabalhos solid\u00e1rios no munic\u00edpio.<\/p>\n<p style=\"text-align: justify\">No encerramento da celebra\u00e7\u00e3o, dom Bruno destacou que, a partir de agora, \u00e9 necess\u00e1rio fazer um trabalho intenso para que a Comunidade Cat\u00f3lica Coreana ganhe for\u00e7a e cres\u00e7a. \u201cEssa \u00e9 a menor par\u00f3quia de Campinas. Tem par\u00f3quia que possui 60 mil pessoas e essa come\u00e7a com 23 fam\u00edlias. \u00c9 necess\u00e1rio um trabalho muito grande porque temos muito mais pessoas que vieram para Campinas e t\u00eam suas ra\u00edzes na Coreia\u201d, afirmou.<\/p>\n","protected":false},"excerpt":{"rendered":"<p>A comunidade coreana de Campinas (SP) inaugurou, no domingo, 27 de fevereiro, com uma celebra\u00e7\u00e3o com aproximadamente 300 pessoas, a primeira par\u00f3quia pessoal voltada para os cat\u00f3licos nascidos nas Coreias do Norte e do Sul e seus descendentes presentes naquele munic\u00edpio.<\/p>\n","protected":false},"author":83,"featured_media":17341,"comment_status":"open","ping_status":"open","sticky":false,"template":"","format":"standard","meta":{"site-sidebar-layout":"default","site-content-layout":"default","ast-global-header-display":"","ast-banner-title-visibility":"","ast-main-header-display":"","ast-hfb-above-header-display":"","ast-hfb-below-header-display":"","ast-hfb-mobile-header-display":"","site-post-title":"","ast-breadcrumbs-content":"","ast-featured-img":"","footer-sml-layout":"","theme-transparent-header-meta":"","adv-header-id-meta":"","stick-header-meta":"","header-above-stick-meta":"","header-main-stick-meta":"","header-below-stick-meta":""},"categories":[841],"tags":[],"acf":[],"_links":{"self":[{"href":"https:\/\/www.cnbb.org.br\/cnbb-app\/wp\/v2\/posts\/17340"}],"collection":[{"href":"https:\/\/www.cnbb.org.br\/cnbb-app\/wp\/v2\/posts"}],"about":[{"href":"https:\/\/www.cnbb.org.br\/cnbb-app\/wp\/v2\/types\/post"}],"author":[{"embeddable":true,"href":"https:\/\/www.cnbb.org.br\/cnbb-app\/wp\/v2\/users\/83"}],"replies":[{"embeddable":true,"href":"https:\/\/www.cnbb.org.br\/cnbb-app\/wp\/v2\/comments?post=17340"}],"version-history":[{"count":0,"href":"https:\/\/www.cnbb.org.br\/cnbb-app\/wp\/v2\/posts\/17340\/revisions"}],"wp:featuredmedia":[{"embeddable":true,"href":"https:\/\/www.cnbb.org.br\/cnbb-app\/wp\/v2\/media\/17341"}],"wp:attachment":[{"href":"https:\/\/www.cnbb.org.br\/cnbb-app\/wp\/v2\/media?parent=17340"}],"wp:term":[{"taxonomy":"category","embeddable":true,"href":"https:\/\/www.cnbb.org.br\/cnbb-app\/wp\/v2\/categories?post=17340"},{"taxonomy":"post_tag","embeddable":true,"href":"https:\/\/www.cnbb.org.br\/cnbb-app\/wp\/v2\/tags?post=17340"}],"curies":[{"name":"wp","href":"https:\/\/api.w.org\/{rel}","templated":true}]}}