{"id":17342,"date":"2011-03-11T00:00:00","date_gmt":"2011-03-11T03:00:00","guid":{"rendered":"https:\/\/www.cnbb.org.br\/2o-simposio-nacional-de-mudancas-climaticas-e-justica-social\/"},"modified":"2011-03-11T00:00:00","modified_gmt":"2011-03-11T03:00:00","slug":"2o-simposio-nacional-de-mudancas-climaticas-e-justica-social","status":"publish","type":"post","link":"https:\/\/www.cnbb.org.br\/2o-simposio-nacional-de-mudancas-climaticas-e-justica-social\/","title":{"rendered":"2\u00ba Simp\u00f3sio Nacional de Mudan\u00e7as Clim\u00e1ticas e Justi\u00e7a Social"},"content":{"rendered":"<p style=\"text-align: justify\">O F\u00f3rum Mudan\u00e7as Clim\u00e1ticas e Justi\u00e7a Social (FMCJS), organismo ligado a Comiss\u00e3o Episcopal Pastoral para a Caridade, Justi\u00e7a e Paz, da Confer\u00eancia Nacional dos Bispos do Brasil (CNBB), est\u00e1 promovendo o 2\u00ba Simp\u00f3sio Nacional de Mudan\u00e7as Clim\u00e1ticas e Justi\u00e7a Social, que acontecer\u00e1 no Centro de Forma\u00e7\u00e3o Vicente Ca\u00f1as, no Jardim Ing\u00e1 (GO), de 14 a 16 de mar\u00e7o.<\/p>\n<p>  <!--more-->  <\/p>\n<p style=\"text-align: justify\"><img decoding=\"async\" loading=\"lazy\" class=\" alignleft size-full wp-image-8723\" style=\"float: left\" title=\"Queimadas no Centro-Oeste\" alt=\"quemadas\" src=\"https:\/\/www.cnbb.org.br\/wp-content\/uploads\/2020\/03\/quemadas.jpg\" width=\"250\" height=\"180\" \/>Segundo o soci\u00f3logo e coordenador do F\u00f3rum, Ivo Poletto, o objetivo do Simp\u00f3sio \u00e9 que os setores sociais (movimentos, organiza\u00e7\u00f5es, sociedade em geral) e as Igrejas, mobilizados para influir nas pol\u00edticas p\u00fablicas, alcancem encaminhamentos concretos sobre a quest\u00e3o ambiental, fazendo frente \u00e0s mudan\u00e7as clim\u00e1ticas.<\/p>\n<p style=\"text-align: justify\">\u201c\u00c9 o nosso objetivo tamb\u00e9m disseminar informa\u00e7\u00f5es, gerar consci\u00eancia cr\u00edtica e mobilizar a sociedade civil visando contribuir para o enfrentamento das causas estruturais do aquecimento global que provoca mudan\u00e7as clim\u00e1ticas em todo o planeta\u201d, destacou o soci\u00f3logo.<\/p>\n<p style=\"text-align: justify\"><img decoding=\"async\" loading=\"lazy\" class=\" alignright size-full wp-image-8724\" style=\"float: right\" alt=\"explorao_de_ouro\" src=\"https:\/\/www.cnbb.org.br\/wp-content\/uploads\/2020\/03\/explorao_de_ouro.jpg\" width=\"250\" height=\"187\" \/>Est\u00e1 marcado para o \u00faltimo dia do Simp\u00f3sio, um ato p\u00fablico, para o qual o FMCJS est\u00e1 convidando ministros de Estado e autoridades religiosas, para que, juntos, possam debater sobre perspectivas das pol\u00edticas p\u00fablicas sobre mudan\u00e7as clim\u00e1ticas. Al\u00e9m disso, os participantes aprovar\u00e3o uma carta-compromisso, em que se estabelecer\u00e3o metas a serem cumpridas e a\u00e7\u00f5es concretas para combater o aquecimento global em territ\u00f3rio nacional. O local escolhido para o ato p\u00fablico foi o Centro Cultural de Bras\u00edlia (CCB), que fica na 601 Norte, m\u00f3dulo B.<\/p>\n<p style=\"text-align: justify\">O Simp\u00f3sio tem o apoio do Fundo Nacional de Solidariedade, da Campanha da Fraternidade, da Confer\u00eancia Nacional dos Bispos do Brasil (CNBB); do Conselho Indigenista Mission\u00e1rio (Cimi); da Misereor (institui\u00e7\u00e3o ligada \u00e0 Igreja Cat\u00f3lica da Alemanha); a Ag\u00eancia Cat\u00f3lica para o Desenvolvimento Exterior (CAFOD); da DKA; da Coordenadoria Ecum\u00eanica de Servi\u00e7o (CESE).<\/p>\n<p style=\"text-align: justify\"><a href=\"http:\/\/cnbbjoomla.sitesparresia.com\/wp-content\/uploads\/sites\/85\/2011\/03\/Programa_2_simpsio_MCJS.pdf\" target=\"_blank\" rel=\"noopener\">Veja a programa\u00e7\u00e3o completa do Simp\u00f3sio clicando aqui!<\/a><\/p>\n","protected":false},"excerpt":{"rendered":"<p>O F\u00f3rum Mudan\u00e7as Clim\u00e1ticas e Justi\u00e7a Social (FMCJS), organismo ligado a Comiss\u00e3o Episcopal Pastoral para a Caridade, Justi\u00e7a e Paz, da Confer\u00eancia Nacional dos Bispos do Brasil (CNBB), est\u00e1 promovendo o 2\u00ba Simp\u00f3sio Nacional de Mudan\u00e7as Clim\u00e1ticas e Justi\u00e7a Social, que acontecer\u00e1 no Centro de Forma\u00e7\u00e3o Vicente Ca\u00f1as, no Jardim Ing\u00e1 (GO), de 14 a &hellip;<\/p>\n<p class=\"read-more\"> <a class=\"\" href=\"https:\/\/www.cnbb.org.br\/2o-simposio-nacional-de-mudancas-climaticas-e-justica-social\/\"> <span class=\"screen-reader-text\">2\u00ba Simp\u00f3sio Nacional de Mudan\u00e7as Clim\u00e1ticas e Justi\u00e7a Social<\/span> Leia mais &raquo;<\/a><\/p>\n","protected":false},"author":83,"featured_media":17343,"comment_status":"open","ping_status":"open","sticky":false,"template":"","format":"standard","meta":{"site-sidebar-layout":"default","site-content-layout":"default","ast-global-header-display":"","ast-banner-title-visibility":"","ast-main-header-display":"","ast-hfb-above-header-display":"","ast-hfb-below-header-display":"","ast-hfb-mobile-header-display":"","site-post-title":"","ast-breadcrumbs-content":"","ast-featured-img":"","footer-sml-layout":"","theme-transparent-header-meta":"","adv-header-id-meta":"","stick-header-meta":"","header-above-stick-meta":"","header-main-stick-meta":"","header-below-stick-meta":""},"categories":[841],"tags":[],"acf":[],"_links":{"self":[{"href":"https:\/\/www.cnbb.org.br\/cnbb-app\/wp\/v2\/posts\/17342"}],"collection":[{"href":"https:\/\/www.cnbb.org.br\/cnbb-app\/wp\/v2\/posts"}],"about":[{"href":"https:\/\/www.cnbb.org.br\/cnbb-app\/wp\/v2\/types\/post"}],"author":[{"embeddable":true,"href":"https:\/\/www.cnbb.org.br\/cnbb-app\/wp\/v2\/users\/83"}],"replies":[{"embeddable":true,"href":"https:\/\/www.cnbb.org.br\/cnbb-app\/wp\/v2\/comments?post=17342"}],"version-history":[{"count":0,"href":"https:\/\/www.cnbb.org.br\/cnbb-app\/wp\/v2\/posts\/17342\/revisions"}],"wp:featuredmedia":[{"embeddable":true,"href":"https:\/\/www.cnbb.org.br\/cnbb-app\/wp\/v2\/media\/17343"}],"wp:attachment":[{"href":"https:\/\/www.cnbb.org.br\/cnbb-app\/wp\/v2\/media?parent=17342"}],"wp:term":[{"taxonomy":"category","embeddable":true,"href":"https:\/\/www.cnbb.org.br\/cnbb-app\/wp\/v2\/categories?post=17342"},{"taxonomy":"post_tag","embeddable":true,"href":"https:\/\/www.cnbb.org.br\/cnbb-app\/wp\/v2\/tags?post=17342"}],"curies":[{"name":"wp","href":"https:\/\/api.w.org\/{rel}","templated":true}]}}