{"id":17368,"date":"2011-05-20T00:00:00","date_gmt":"2011-05-20T03:00:00","guid":{"rendered":"https:\/\/www.cnbb.org.br\/padre-brasileiro-e-escolhido-o-superior-geral-da-congregacao-do-santissimo-sacramento\/"},"modified":"2011-05-20T00:00:00","modified_gmt":"2011-05-20T03:00:00","slug":"padre-brasileiro-e-escolhido-o-superior-geral-da-congregacao-do-santissimo-sacramento","status":"publish","type":"post","link":"https:\/\/www.cnbb.org.br\/padre-brasileiro-e-escolhido-o-superior-geral-da-congregacao-do-santissimo-sacramento\/","title":{"rendered":"Padre brasileiro \u00e9 escolhido o Superior Geral da Congrega\u00e7\u00e3o do Sant\u00edssimo Sacramento"},"content":{"rendered":"<p style=\"text-align: justify\">Foi eleito, no \u00faltimo dia 16, o Superior Geral da Congrega\u00e7\u00e3o do Sant\u00edssimo Sacramento (Sacramentinos). A elei\u00e7\u00e3o aconteceu durante o 34\u00ba Cap\u00edtulo Geral (reuni\u00e3o geral da Congrega\u00e7\u00e3o), realizado na capital italiana, Roma.<\/p>\n<p>  <!--more-->  <\/p>\n<p style=\"text-align: justify\">O escolhido foi o padre brasileiro Eug\u00eanio, da cidade de Araguari (MG). Ele tem 50 anos, fez a sua primeira profiss\u00e3o religiosa em 1984 e foi ordenado presb\u00edtero no dia 24 de janeiro de 1988.<\/p>\n<p style=\"text-align: justify\">Padre Eug\u00eanio j\u00e1 exerceu v\u00e1rios cargos de lideran\u00e7a, sobretudo na vida religiosa. Foi formador do pr\u00e9-noviciado, mestre de novi\u00e7os, conselheiro provincial para a forma\u00e7\u00e3o, superior provincial por dois mandatos, presidente da Confer\u00eancia dos Religiosos do Brasil (CRB), do n\u00facleo de Minas Gerais. Foi tamb\u00e9m presidente da Confer\u00eancia Latino-americana dos Sacramentinos (CLAS) e, por \u00faltimo, ec\u00f4nomo provincial, al\u00e9m de ter sido p\u00e1roco em Uberaba (MG) e Belo Horizonte (MG).<\/p>\n<p style=\"text-align: justify\"><img decoding=\"async\" loading=\"lazy\" class=\" alignright size-full wp-image-9863\" style=\"float: right\" alt=\"34_CG\" src=\"https:\/\/www.cnbb.org.br\/wp-content\/uploads\/2020\/03\/34_CG.jpg\" height=\"200\" width=\"300\" \/>O Superior Geral dos Sacramentinos tem mandato de seis anos, com sede em Roma, de onde conduzir\u00e1 a Congrega\u00e7\u00e3o nos cinco Continentes, tendo como guia as diretrizes e prioridades definidas durante o Cap\u00edtulo Geral.<\/p>\n<p style=\"text-align: justify\">Os demais membros do conselho geral escolhidos foram:\u00a0 Luistro Sebastian, das Filipinas; Boukar Tine Martin, do Senegal; Costello Patrick, da Gr\u00e3-Bretanha e Maccali Giulio, da It\u00e1lia.<\/p>\n","protected":false},"excerpt":{"rendered":"<p>Foi eleito, no \u00faltimo dia 16, o Superior Geral da Congrega\u00e7\u00e3o do Sant\u00edssimo Sacramento (Sacramentinos). A elei\u00e7\u00e3o aconteceu durante o 34\u00ba Cap\u00edtulo Geral (reuni\u00e3o geral da Congrega\u00e7\u00e3o), realizado na capital italiana, Roma.<\/p>\n","protected":false},"author":83,"featured_media":17369,"comment_status":"open","ping_status":"open","sticky":false,"template":"","format":"standard","meta":{"site-sidebar-layout":"default","site-content-layout":"default","ast-global-header-display":"","ast-banner-title-visibility":"","ast-main-header-display":"","ast-hfb-above-header-display":"","ast-hfb-below-header-display":"","ast-hfb-mobile-header-display":"","site-post-title":"","ast-breadcrumbs-content":"","ast-featured-img":"","footer-sml-layout":"","theme-transparent-header-meta":"","adv-header-id-meta":"","stick-header-meta":"","header-above-stick-meta":"","header-main-stick-meta":"","header-below-stick-meta":""},"categories":[841],"tags":[],"acf":[],"_links":{"self":[{"href":"https:\/\/www.cnbb.org.br\/cnbb-app\/wp\/v2\/posts\/17368"}],"collection":[{"href":"https:\/\/www.cnbb.org.br\/cnbb-app\/wp\/v2\/posts"}],"about":[{"href":"https:\/\/www.cnbb.org.br\/cnbb-app\/wp\/v2\/types\/post"}],"author":[{"embeddable":true,"href":"https:\/\/www.cnbb.org.br\/cnbb-app\/wp\/v2\/users\/83"}],"replies":[{"embeddable":true,"href":"https:\/\/www.cnbb.org.br\/cnbb-app\/wp\/v2\/comments?post=17368"}],"version-history":[{"count":0,"href":"https:\/\/www.cnbb.org.br\/cnbb-app\/wp\/v2\/posts\/17368\/revisions"}],"wp:featuredmedia":[{"embeddable":true,"href":"https:\/\/www.cnbb.org.br\/cnbb-app\/wp\/v2\/media\/17369"}],"wp:attachment":[{"href":"https:\/\/www.cnbb.org.br\/cnbb-app\/wp\/v2\/media?parent=17368"}],"wp:term":[{"taxonomy":"category","embeddable":true,"href":"https:\/\/www.cnbb.org.br\/cnbb-app\/wp\/v2\/categories?post=17368"},{"taxonomy":"post_tag","embeddable":true,"href":"https:\/\/www.cnbb.org.br\/cnbb-app\/wp\/v2\/tags?post=17368"}],"curies":[{"name":"wp","href":"https:\/\/api.w.org\/{rel}","templated":true}]}}