{"id":17383,"date":"2011-06-09T00:00:00","date_gmt":"2011-06-09T03:00:00","guid":{"rendered":"https:\/\/www.cnbb.org.br\/dom-francesco-biasin-agradece-ao-povo-de-pesqueira\/"},"modified":"2011-06-09T00:00:00","modified_gmt":"2011-06-09T03:00:00","slug":"dom-francesco-biasin-agradece-ao-povo-de-pesqueira","status":"publish","type":"post","link":"https:\/\/www.cnbb.org.br\/dom-francesco-biasin-agradece-ao-povo-de-pesqueira\/","title":{"rendered":"Dom Francesco Biasin agradece ao povo de Pesqueira"},"content":{"rendered":"<p style=\"text-align: justify\">O novo bispo da diocese de Barra do Pira\u00ed-Volta Redonda (RJ), dom Francesco Biasin, transferido ontem pelo papa Bento XVI da diocese de Pesqueira (PE), divulgou uma carta agradecendo ao povo da diocese pernambucana onde ficou oito anos. Segundo o bispo, depois deste tempo, ficam os sentimentos de gratid\u00e3o, amor e humildade.<\/p>\n<p>  <!--more-->  <\/p>\n<p style=\"text-align: justify\">\u201cEu n\u00e3o sei se voc\u00eas me amaram mais ou se eu os amei mais. Tenho a impress\u00e3o que foi uma competi\u00e7\u00e3o no amor, onde quem venceu foi Jesus presente no meio de n\u00f3s, tornando-nos um s\u00f3 corpo\u201d, disse o bispo. <br \/>Dom Francesco fala tamb\u00e9m de sua disposi\u00e7\u00e3o para assumir a nova diocese. \u201cVou sereno e confiante, grato a Deus pela experi\u00eancia feita aqui com voc\u00eas e no meio de voc\u00eas, de cora\u00e7\u00e3o aberto e sempre pronto a dar a vida pelos irm\u00e3os!\u201d.<\/p>\n<p>Leia a \u00edntegra da carta de dom Francesco.<\/p>\n<p><em><br \/><\/em><\/p>\n<div style=\"text-align: right\"><em>\u201cH\u00e1 um momento para tudo e tempo para cada coisa debaixo do c\u00e9u: tempo de abra\u00e7ar e tempo de se separar\u201d <\/em>(Ecl 3, 1.5)<\/div>\n<p style=\"text-align: justify\"> No seu entendimento, o s\u00e1bio da Antiga Lei descreve muito bem as fases alternas da vida dos humanos sobre a terra e conclui: \u201cTudo o que Deus fez \u00e9 apropriado em seu tempo!\u201d. (Ecl 3,11)<\/p>\n<p>Jesus, homem perfeito, n\u00e3o desdenhou de manifestar os seus sentimentos para com os disc\u00edpulos sobretudo na hora da despedida: \u201c&#8230; sabendo que chegara a sua hora de passar deste mundo para o Pai, tendo amado os seus que estavam no mundo, amou-os at\u00e9 o fim!\u201d. (Jo 13,1)<\/p>\n<p>Amados fi\u00e9is, ap\u00f3s quase oito anos de feliz pastoreio no meio de voc\u00eas, a Igreja, atrav\u00e9s do Santo Padre, me pede servir como Pastor outra por\u00e7\u00e3o do rebanho do Senhor. Acreditando que tudo o que Deus faz \u00e9 bom para n\u00f3s porque Ele \u00e9 Pai que nos ama, desejo neste momento, expressar os sentimentos que passam no meu cora\u00e7\u00e3o, sabendo que em breve espa\u00e7o de tempo os deixarei para iniciar a nova miss\u00e3o que me espera.<\/p>\n<p>O primeiro sentimento \u00e9 de gratid\u00e3o por ter experimentado a grandeza do amor de Deus atrav\u00e9s da Ordena\u00e7\u00e3o Episcopal recebida no meio de voc\u00eas e para voc\u00eas. Quem poderia duvidar que a pra\u00e7a da Catedral de Pesqueira, ao cair da tarde daquele dia 12 de outubro de 2003, estava repleta da for\u00e7a, da un\u00e7\u00e3o e da gra\u00e7a do Esp\u00edrito Santo de Deus, sob o manto da M\u00e3e Aparecida, no caloroso abra\u00e7o do povo em festa pela chegada do novo pastor?<\/p>\n<p>Gratid\u00e3o por ter experimentado constantemente a delicadeza e a docilidade de voc\u00eas como filhos e filhas, meus irm\u00e3os na f\u00e9, em seguir os ditames do Evangelho e as orienta\u00e7\u00f5es da Igreja. <\/p>\n<p>Gratid\u00e3o, enfim, por ter percorrido com voc\u00eas um trecho de caminho na hist\u00f3ria desta amada diocese, crescendo juntos em corresponsabilidade, compartilhando alegrias e dores, enfrentando os desafios do tempo presente, abrindo estradas novas e vislumbrando horizontes mais amplos para a evangeliza\u00e7\u00e3o e a miss\u00e3o. <\/p>\n<p> Outro sentimento \u00e9 de grande amor! Eu n\u00e3o sei se voc\u00eas me amaram mais ou se eu os amei mais. Tenho a impress\u00e3o que foi uma competi\u00e7\u00e3o no amor, onde quem venceu foi Jesus presente no meio de n\u00f3s, tornando-nos um s\u00f3 corpo. Talvez seja por isso que este momento de despedida seja regado de algumas l\u00e1grimas e revestido de saudades! O que nos consola \u00e9 que tudo quanto constru\u00edmos juntos no amor permanecer\u00e1 para sempre porque \u00e9 de Deus, e que &#8220;para estar juntos n\u00e3o <br \/>\u00e9 preciso estar perto, e sim do lado de dentro&#8221;. Voc\u00eas estar\u00e3o sempre dentro do meu cora\u00e7\u00e3o em sinal de b\u00ean\u00e7\u00e3o!<\/p>\n<p>Enfim emerge um sentimento de profunda e sincera humildade: o meu projeto de vida ao assumir o pastoreio desta Igreja era de ficar aqui at\u00e9 o fim. Pesqueira \u00e9 o bastante para realizar-me plenamente. Nunca almejei coisas grandiosas, nem promo\u00e7\u00f5es. Nasci na pobreza e na simplicidade, aprendi a satisfazer-me com o que a vida me d\u00e1, alegre na pen\u00faria e alegre na fartura e desejo viver assim at\u00e9 o fim. A minha aten\u00e7\u00e3o e os meus cuidados pastorais aqui na diocese se voltaram para as pessoas que mais precisam, sem excluir ningu\u00e9m, procurando transmitir a todos o amor de Deus. Consciente dos meus limites, entrego tudo ao misericordioso cora\u00e7\u00e3o de Deus e \u00e0 ben\u00e9vola compreens\u00e3o dos irm\u00e3os.<\/p>\n<p>E agora me espera uma nova miss\u00e3o no novo campo de trabalho: a Diocese de Barra do Pira\u00ed \u2013 Volta Redonda, no Estado do Rio de Janeiro. Vou sereno e confiante, grato a Deus pela experi\u00eancia feita aqui com voc\u00eas e no meio de voc\u00eas, de cora\u00e7\u00e3o aberto e sempre \u201cpronto a dar a vida pelos irm\u00e3os\u201d!<\/p>\n<p>Pesqueira, 08 de junho de 2011<br \/>Dom Francesco Biasin<\/p>\n","protected":false},"excerpt":{"rendered":"<p>O novo bispo da diocese de Barra do Pira\u00ed-Volta Redonda (RJ), dom Francesco Biasin, transferido ontem pelo papa Bento XVI da diocese de Pesqueira (PE), divulgou uma carta agradecendo ao povo da diocese pernambucana onde ficou oito anos. Segundo o bispo, depois deste tempo, ficam os sentimentos de gratid\u00e3o, amor e humildade.<\/p>\n","protected":false},"author":83,"featured_media":16761,"comment_status":"open","ping_status":"open","sticky":false,"template":"","format":"standard","meta":{"site-sidebar-layout":"default","site-content-layout":"default","ast-global-header-display":"","ast-banner-title-visibility":"","ast-main-header-display":"","ast-hfb-above-header-display":"","ast-hfb-below-header-display":"","ast-hfb-mobile-header-display":"","site-post-title":"","ast-breadcrumbs-content":"","ast-featured-img":"","footer-sml-layout":"","theme-transparent-header-meta":"","adv-header-id-meta":"","stick-header-meta":"","header-above-stick-meta":"","header-main-stick-meta":"","header-below-stick-meta":""},"categories":[841],"tags":[],"acf":[],"_links":{"self":[{"href":"https:\/\/www.cnbb.org.br\/cnbb-app\/wp\/v2\/posts\/17383"}],"collection":[{"href":"https:\/\/www.cnbb.org.br\/cnbb-app\/wp\/v2\/posts"}],"about":[{"href":"https:\/\/www.cnbb.org.br\/cnbb-app\/wp\/v2\/types\/post"}],"author":[{"embeddable":true,"href":"https:\/\/www.cnbb.org.br\/cnbb-app\/wp\/v2\/users\/83"}],"replies":[{"embeddable":true,"href":"https:\/\/www.cnbb.org.br\/cnbb-app\/wp\/v2\/comments?post=17383"}],"version-history":[{"count":0,"href":"https:\/\/www.cnbb.org.br\/cnbb-app\/wp\/v2\/posts\/17383\/revisions"}],"wp:featuredmedia":[{"embeddable":true,"href":"https:\/\/www.cnbb.org.br\/cnbb-app\/wp\/v2\/media\/16761"}],"wp:attachment":[{"href":"https:\/\/www.cnbb.org.br\/cnbb-app\/wp\/v2\/media?parent=17383"}],"wp:term":[{"taxonomy":"category","embeddable":true,"href":"https:\/\/www.cnbb.org.br\/cnbb-app\/wp\/v2\/categories?post=17383"},{"taxonomy":"post_tag","embeddable":true,"href":"https:\/\/www.cnbb.org.br\/cnbb-app\/wp\/v2\/tags?post=17383"}],"curies":[{"name":"wp","href":"https:\/\/api.w.org\/{rel}","templated":true}]}}