{"id":17413,"date":"2011-07-22T00:00:00","date_gmt":"2011-07-22T03:00:00","guid":{"rendered":"https:\/\/www.cnbb.org.br\/delegados-nacionais-da-rede-celebra-visitam-sede-da-cnbb\/"},"modified":"2011-07-22T00:00:00","modified_gmt":"2011-07-22T03:00:00","slug":"delegados-nacionais-da-rede-celebra-visitam-sede-da-cnbb","status":"publish","type":"post","link":"https:\/\/www.cnbb.org.br\/delegados-nacionais-da-rede-celebra-visitam-sede-da-cnbb\/","title":{"rendered":"Delegados nacionais da \u201cRede Celebra\u201d visitam sede da CNBB"},"content":{"rendered":"<p style=\"text-align: justify\">A Rede de Anima\u00e7\u00e3o Lit\u00fargica Celebra, visitou na tarde desta quinta-feira, 21, a sede da Confer\u00eancia Nacional dos Bispos do Brasil (CNBB), em Bras\u00edlia. Segundo o assessor da Comiss\u00e3o Episcopal Pastoral para a Liturgia da CNBB, padre Hernaldo Pinto Farias, a visita \u201cselou o compromisso da caminhada em comunh\u00e3o com a Igreja no Brasil\u201d.<\/p>\n<p>  <!--more-->  <\/p>\n<p style=\"text-align: justify\">Formada por pessoas, grupos e comunidades, e aberta ao di\u00e1logo ecum\u00eanico e compromisso com a liturgia crist\u00e3, a Rede \u00e9 uma fonte de espiritualidade, inculturada na caminhada solid\u00e1ria dos pobres, a servi\u00e7o da anima\u00e7\u00e3o lit\u00fargica nas comunidades.<\/p>\n<p style=\"text-align: justify\">O grupo est\u00e1 reunido no Centro de Forma\u00e7\u00e3o Vicente Ca\u00f1as, em Luzi\u00e2nia (GO) desde a semana passada, dia 18, com a presen\u00e7a de 75 pessoas. S\u00e3o representantes dos n\u00facleos da Celebra presentes nos v\u00e1rios estados brasileiros, que participam da segunda etapa do aprofundamento sobre a Inicia\u00e7\u00e3o Crist\u00e3 e seus Ritos (RICA), iniciado em 2010.<\/p>\n","protected":false},"excerpt":{"rendered":"<p>A Rede de Anima\u00e7\u00e3o Lit\u00fargica Celebra, visitou na tarde desta quinta-feira, 21, a sede da Confer\u00eancia Nacional dos Bispos do Brasil (CNBB), em Bras\u00edlia. Segundo o assessor da Comiss\u00e3o Episcopal Pastoral para a Liturgia da CNBB, padre Hernaldo Pinto Farias, a visita \u201cselou o compromisso da caminhada em comunh\u00e3o com a Igreja no Brasil\u201d.<\/p>\n","protected":false},"author":83,"featured_media":17414,"comment_status":"open","ping_status":"open","sticky":false,"template":"","format":"standard","meta":{"site-sidebar-layout":"default","site-content-layout":"default","ast-global-header-display":"","ast-banner-title-visibility":"","ast-main-header-display":"","ast-hfb-above-header-display":"","ast-hfb-below-header-display":"","ast-hfb-mobile-header-display":"","site-post-title":"","ast-breadcrumbs-content":"","ast-featured-img":"","footer-sml-layout":"","theme-transparent-header-meta":"","adv-header-id-meta":"","stick-header-meta":"","header-above-stick-meta":"","header-main-stick-meta":"","header-below-stick-meta":""},"categories":[841],"tags":[],"acf":[],"_links":{"self":[{"href":"https:\/\/www.cnbb.org.br\/cnbb-app\/wp\/v2\/posts\/17413"}],"collection":[{"href":"https:\/\/www.cnbb.org.br\/cnbb-app\/wp\/v2\/posts"}],"about":[{"href":"https:\/\/www.cnbb.org.br\/cnbb-app\/wp\/v2\/types\/post"}],"author":[{"embeddable":true,"href":"https:\/\/www.cnbb.org.br\/cnbb-app\/wp\/v2\/users\/83"}],"replies":[{"embeddable":true,"href":"https:\/\/www.cnbb.org.br\/cnbb-app\/wp\/v2\/comments?post=17413"}],"version-history":[{"count":0,"href":"https:\/\/www.cnbb.org.br\/cnbb-app\/wp\/v2\/posts\/17413\/revisions"}],"wp:featuredmedia":[{"embeddable":true,"href":"https:\/\/www.cnbb.org.br\/cnbb-app\/wp\/v2\/media\/17414"}],"wp:attachment":[{"href":"https:\/\/www.cnbb.org.br\/cnbb-app\/wp\/v2\/media?parent=17413"}],"wp:term":[{"taxonomy":"category","embeddable":true,"href":"https:\/\/www.cnbb.org.br\/cnbb-app\/wp\/v2\/categories?post=17413"},{"taxonomy":"post_tag","embeddable":true,"href":"https:\/\/www.cnbb.org.br\/cnbb-app\/wp\/v2\/tags?post=17413"}],"curies":[{"name":"wp","href":"https:\/\/api.w.org\/{rel}","templated":true}]}}