{"id":17419,"date":"2011-07-26T00:00:00","date_gmt":"2011-07-26T03:00:00","guid":{"rendered":"https:\/\/www.cnbb.org.br\/comissao-da-cnbb-divulga-a-5o-semana-social-brasileira\/"},"modified":"2011-07-26T00:00:00","modified_gmt":"2011-07-26T03:00:00","slug":"comissao-da-cnbb-divulga-a-5o-semana-social-brasileira","status":"publish","type":"post","link":"https:\/\/www.cnbb.org.br\/comissao-da-cnbb-divulga-a-5o-semana-social-brasileira\/","title":{"rendered":"Comiss\u00e3o da CNBB divulga a 5\u00aa Semana Social Brasileira"},"content":{"rendered":"<p style=\"text-align: justify\">As Pastorais Sociais e Organismos da Confer\u00eancia Nacional dos Bispos do Brasil (CNBB) v\u00eam realizando, desde o in\u00edcio dos anos 90, as Semanas Sociais Brasileiras. Esses eventos contaram com a participa\u00e7\u00e3o dos mais diversos agentes das Igrejas e da sociedade organizada em todo o Brasil. Em 2011, a CNBB, atrav\u00e9s da Comiss\u00e3o Episcopal Pastoral para o Servi\u00e7o da Caridade, Justi\u00e7a e da Paz, prop\u00f5e a realiza\u00e7\u00e3o da 5\u00aa Semana Social Brasileira com o tema \u201cA participa\u00e7\u00e3o da Sociedade no Processo de Democratiza\u00e7\u00e3o do Estado \u2013 Estado para qu\u00ea e para quem\u201d.<\/p>\n<p>  <!--more-->  <\/p>\n<p style=\"text-align: justify\">Para realizar uma semana social que possa ser descentralizada, a Comiss\u00e3o para o Servi\u00e7o da Caridade, Justi\u00e7a e da Paz realiza, nos dias 8 e 9 de agosto, o encontro nacional de coordenadores, agentes e bispos da Comiss\u00e3o, e nos dias 10 e 11 de agosto, o Semin\u00e1rio Nacional de abertura da 5\u00aa Semana Social. Ambos os eventos acontecer\u00e3o no Centro Cultural de Bras\u00edlia (Av. L2 Norte Quadra 601 Bloco B).<\/p>\n<p style=\"text-align: justify\">Segundo os organizadores da Semana, o objetivo \u00e9 mobilizar as comunidades eclesiais, os movimentos, as pastorais, os organismos e as for\u00e7as sociais para refletir sobre as estruturas sociais, pol\u00edticas e econ\u00f4micas do Brasil e participar do processo de sua democratiza\u00e7\u00e3o, promovendo a inclus\u00e3o dos pobres e exclu\u00eddos na constru\u00e7\u00e3o de um pa\u00eds justo, democr\u00e1tico, solid\u00e1rio e sustent\u00e1vel.<\/p>\n<p style=\"text-align: justify\">Dentro do processo que conduzir\u00e1 a 5\u00aa Semana Social Brasileira, em uma das etapas, est\u00e3o a retomada e a celebra\u00e7\u00e3o da contribui\u00e7\u00e3o das Semanas Sociais anteriores, ligadas \u00e0s das pastorais e movimentos sociais, ao processo de constru\u00e7\u00e3o de uma sociedade realmente democr\u00e1tica no Brasil, uma democracia que, segundo as mesmas Semanas, deve alcan\u00e7ar e transformar todas as dimens\u00f5es da vida em sociedade, inclu\u00edda a economia, o Judici\u00e1rio, o Estado, como tamb\u00e9m aprofundar a pr\u00e1tica da democracia participativa, com atividades nos \u00e2mbitos local, municipal, diocesano, regional e nacional.<\/p>\n<p style=\"text-align: justify\">Participar\u00e3o dos encontros os bispos da Comiss\u00e3o e os bispos que acompanham as Pastorais Sociais e Organismos em \u00e2mbito Nacional e Regional; um coordenador Nacional das Pastorais Sociais, dos Organismos, do Setor da Mobilidade Humana e do Mutir\u00e3o pela Supera\u00e7\u00e3o da Mis\u00e9ria e da Fome; um representante da Coordena\u00e7\u00e3o ou F\u00f3rum das Pastorais Sociais de cada Regional da CNBB; assessores das Comiss\u00f5es da CNBB e, como convidados, membros de organiza\u00e7\u00f5es sociais da sociedade civil e parceiros.<\/p>\n<p style=\"text-align: justify\">Outras informa\u00e7\u00f5es podem ser adquiridas no e-mail da pastoral social, no endere\u00e7o: pastoralsocial@cnbb.org.br ou no ssb@cnbb.org.br.<\/p>\n","protected":false},"excerpt":{"rendered":"<p>As Pastorais Sociais e Organismos da Confer\u00eancia Nacional dos Bispos do Brasil (CNBB) v\u00eam realizando, desde o in\u00edcio dos anos 90, as Semanas Sociais Brasileiras. Esses eventos contaram com a participa\u00e7\u00e3o dos mais diversos agentes das Igrejas e da sociedade organizada em todo o Brasil. Em 2011, a CNBB, atrav\u00e9s da Comiss\u00e3o Episcopal Pastoral para &hellip;<\/p>\n<p class=\"read-more\"> <a class=\"\" href=\"https:\/\/www.cnbb.org.br\/comissao-da-cnbb-divulga-a-5o-semana-social-brasileira\/\"> <span class=\"screen-reader-text\">Comiss\u00e3o da CNBB divulga a 5\u00aa Semana Social Brasileira<\/span> Leia mais &raquo;<\/a><\/p>\n","protected":false},"author":83,"featured_media":17420,"comment_status":"open","ping_status":"open","sticky":false,"template":"","format":"standard","meta":{"site-sidebar-layout":"default","site-content-layout":"default","ast-global-header-display":"","ast-banner-title-visibility":"","ast-main-header-display":"","ast-hfb-above-header-display":"","ast-hfb-below-header-display":"","ast-hfb-mobile-header-display":"","site-post-title":"","ast-breadcrumbs-content":"","ast-featured-img":"","footer-sml-layout":"","theme-transparent-header-meta":"","adv-header-id-meta":"","stick-header-meta":"","header-above-stick-meta":"","header-main-stick-meta":"","header-below-stick-meta":""},"categories":[841],"tags":[],"acf":[],"_links":{"self":[{"href":"https:\/\/www.cnbb.org.br\/cnbb-app\/wp\/v2\/posts\/17419"}],"collection":[{"href":"https:\/\/www.cnbb.org.br\/cnbb-app\/wp\/v2\/posts"}],"about":[{"href":"https:\/\/www.cnbb.org.br\/cnbb-app\/wp\/v2\/types\/post"}],"author":[{"embeddable":true,"href":"https:\/\/www.cnbb.org.br\/cnbb-app\/wp\/v2\/users\/83"}],"replies":[{"embeddable":true,"href":"https:\/\/www.cnbb.org.br\/cnbb-app\/wp\/v2\/comments?post=17419"}],"version-history":[{"count":0,"href":"https:\/\/www.cnbb.org.br\/cnbb-app\/wp\/v2\/posts\/17419\/revisions"}],"wp:featuredmedia":[{"embeddable":true,"href":"https:\/\/www.cnbb.org.br\/cnbb-app\/wp\/v2\/media\/17420"}],"wp:attachment":[{"href":"https:\/\/www.cnbb.org.br\/cnbb-app\/wp\/v2\/media?parent=17419"}],"wp:term":[{"taxonomy":"category","embeddable":true,"href":"https:\/\/www.cnbb.org.br\/cnbb-app\/wp\/v2\/categories?post=17419"},{"taxonomy":"post_tag","embeddable":true,"href":"https:\/\/www.cnbb.org.br\/cnbb-app\/wp\/v2\/tags?post=17419"}],"curies":[{"name":"wp","href":"https:\/\/api.w.org\/{rel}","templated":true}]}}