{"id":17421,"date":"2011-07-27T00:00:00","date_gmt":"2011-07-27T03:00:00","guid":{"rendered":"https:\/\/www.cnbb.org.br\/inscricoes-abertas-para-o-concurso-vozes-da-igreja\/"},"modified":"2011-07-27T00:00:00","modified_gmt":"2011-07-27T03:00:00","slug":"inscricoes-abertas-para-o-concurso-vozes-da-igreja","status":"publish","type":"post","link":"https:\/\/www.cnbb.org.br\/inscricoes-abertas-para-o-concurso-vozes-da-igreja\/","title":{"rendered":"Inscri\u00e7\u00f5es abertas para o concurso Vozes da Igreja"},"content":{"rendered":"<p style=\"text-align: justify\">Est\u00e3o abertas as inscri\u00e7\u00f5es para o concurso \u201cVozes da Igreja\u201d, de can\u00e7\u00f5es em homenagem a Nossa Senhora Aparecida. Em sua 5\u00aa edi\u00e7\u00e3o, o concurso, realizado pela Rede Aparecida de Comunica\u00e7\u00e3o, traz uma novidade, que \u00e9 a premia\u00e7\u00e3o a de um caro zero quil\u00f4metro \u00e0 par\u00f3quia vencedora.<\/p>\n<p>  <!--more-->  <\/p>\n<p style=\"text-align: justify\">\u201cOutra grande novidade \u00e9 a nossa \u2018garota-propaganda\u2019, Dona Jandira, que fez muito sucesso com o p\u00fablico no ano passado e est\u00e1 de volta nesta edi\u00e7\u00e3o com sua alegria contagiante\u201d, conta o padre Josaf\u00e1 Moraes, diretor de programa\u00e7\u00e3o da Rede Aparecida e diretor do programa Vozes da Igreja.<\/p>\n<p style=\"text-align: justify\">As inscri\u00e7\u00f5es podem ser feitas pelo site <a href=\"http:\/\/www.vozesdaigreja.com\" target=\"_blank\" rel=\"noopener\">www.vozesdaigreja.com<\/a>, at\u00e9 dia 23 de setembro, per\u00edodo que inclui a inscri\u00e7\u00e3o e o envio de todos os documentos descritos no regulamento.<\/p>\n<p style=\"text-align: justify\">O \u201cVozes da Igreja\u201d tem como objetivo principal unir as comunidades paroquiais para que seus m\u00fasicos mostrem seus talentos e ainda concorram a um pr\u00eamio.<\/p>\n<p style=\"text-align: justify\">A final do concurso ser\u00e1 transmitida pela TV Aparecida, no dia 3 de dezembro, com a participa\u00e7\u00e3o das bandas pr\u00e9-selecionadas de acordo com as etapas do concurso e atra\u00e7\u00f5es musicais do meio cat\u00f3lico.<\/p>\n<p style=\"text-align: justify\">O projeto Vozes da Igreja nasceu a partir do Festival de M\u00fasica Mariana, promovido pelo Santu\u00e1rio Nacional. Com a vinda do papa Bento XVI ao Brasil, em 2007, decidiu-se fazer um evento de maior repercuss\u00e3o, criando o \u201cVozes da Igreja\u201d.<\/p>\n<p style=\"text-align: justify\">D\u00favidas e informa\u00e7\u00f5es entre em contato com os organizadores do evento, no endere\u00e7o vozesdaigreja@tvaparecida.com.br.<\/p>\n","protected":false},"excerpt":{"rendered":"<p>Est\u00e3o abertas as inscri\u00e7\u00f5es para o concurso \u201cVozes da Igreja\u201d, de can\u00e7\u00f5es em homenagem a Nossa Senhora Aparecida. Em sua 5\u00aa edi\u00e7\u00e3o, o concurso, realizado pela Rede Aparecida de Comunica\u00e7\u00e3o, traz uma novidade, que \u00e9 a premia\u00e7\u00e3o a de um caro zero quil\u00f4metro \u00e0 par\u00f3quia vencedora.<\/p>\n","protected":false},"author":83,"featured_media":17422,"comment_status":"open","ping_status":"open","sticky":false,"template":"","format":"standard","meta":{"site-sidebar-layout":"default","site-content-layout":"default","ast-global-header-display":"","ast-banner-title-visibility":"","ast-main-header-display":"","ast-hfb-above-header-display":"","ast-hfb-below-header-display":"","ast-hfb-mobile-header-display":"","site-post-title":"","ast-breadcrumbs-content":"","ast-featured-img":"","footer-sml-layout":"","theme-transparent-header-meta":"","adv-header-id-meta":"","stick-header-meta":"","header-above-stick-meta":"","header-main-stick-meta":"","header-below-stick-meta":""},"categories":[841],"tags":[],"acf":[],"_links":{"self":[{"href":"https:\/\/www.cnbb.org.br\/cnbb-app\/wp\/v2\/posts\/17421"}],"collection":[{"href":"https:\/\/www.cnbb.org.br\/cnbb-app\/wp\/v2\/posts"}],"about":[{"href":"https:\/\/www.cnbb.org.br\/cnbb-app\/wp\/v2\/types\/post"}],"author":[{"embeddable":true,"href":"https:\/\/www.cnbb.org.br\/cnbb-app\/wp\/v2\/users\/83"}],"replies":[{"embeddable":true,"href":"https:\/\/www.cnbb.org.br\/cnbb-app\/wp\/v2\/comments?post=17421"}],"version-history":[{"count":0,"href":"https:\/\/www.cnbb.org.br\/cnbb-app\/wp\/v2\/posts\/17421\/revisions"}],"wp:featuredmedia":[{"embeddable":true,"href":"https:\/\/www.cnbb.org.br\/cnbb-app\/wp\/v2\/media\/17422"}],"wp:attachment":[{"href":"https:\/\/www.cnbb.org.br\/cnbb-app\/wp\/v2\/media?parent=17421"}],"wp:term":[{"taxonomy":"category","embeddable":true,"href":"https:\/\/www.cnbb.org.br\/cnbb-app\/wp\/v2\/categories?post=17421"},{"taxonomy":"post_tag","embeddable":true,"href":"https:\/\/www.cnbb.org.br\/cnbb-app\/wp\/v2\/tags?post=17421"}],"curies":[{"name":"wp","href":"https:\/\/api.w.org\/{rel}","templated":true}]}}