{"id":17437,"date":"2011-08-18T00:00:00","date_gmt":"2011-08-18T03:00:00","guid":{"rendered":"https:\/\/www.cnbb.org.br\/missa-dos-parlamentares-celebra-a-festa-da-assuncao-de-nossa-senhora\/"},"modified":"2011-08-18T00:00:00","modified_gmt":"2011-08-18T03:00:00","slug":"missa-dos-parlamentares-celebra-a-festa-da-assuncao-de-nossa-senhora","status":"publish","type":"post","link":"https:\/\/www.cnbb.org.br\/missa-dos-parlamentares-celebra-a-festa-da-assuncao-de-nossa-senhora\/","title":{"rendered":"Missa dos Parlamentares celebra a Assun\u00e7\u00e3o de Nossa Senhora"},"content":{"rendered":"<p style=\"text-align: justify\">Na manh\u00e3 desta quinta-feira, 18, foi celebrada a Missa dos Parlamentares na capela Nossa Senhora Aparecida, sede da Confer\u00eancia Nacional dos Bispos do Brasil (CNBB). A celebra\u00e7\u00e3o contou com a participa\u00e7\u00e3o de 25 pessoas, entre deputados, senadores, assessores parlamentares e colaboradores da Comiss\u00e3o Brasileira de Justi\u00e7a e Paz (CBJP) e da CNBB.<\/p>\n<p>  <!--more-->  <\/p>\n<p style=\"text-align: justify\">Durante sua homilia, o presidente da celebra\u00e7\u00e3o, o assessor pol\u00edtico da CNBB, padre Ernanne Pinheiro, falou da festa da assun\u00e7\u00e3o de Nossa Senhora, comemorada na segunda-feira, 15 de agosto. \u201cA Assun\u00e7\u00e3o de Nossa Senhora \u00e9 a festa da esperan\u00e7a dos crist\u00e3os porque sabemos que Maria foi a \u00fanica pessoa totalmente humana que temos a plena confian\u00e7a que j\u00e1 ressuscitou\u201d, afirmou o sacerdote.<\/p>\n<p style=\"text-align: justify\">Padre Ernanne lembrou ainda de uma estat\u00edstica acerca da presen\u00e7a mariana nas par\u00f3quias brasileiras. \u201cFoi feito um estudo recentemente que revelou que 85% das par\u00f3quias em nosso pa\u00eds t\u00eam Maria como padroeira, fato que revela a grande devo\u00e7\u00e3o mariana no Brasil\u201d, comentou.<\/p>\n<p style=\"text-align: justify\">Foi ressaltada ainda a celebra\u00e7\u00e3o do m\u00eas vocacional, celebrado neste m\u00eas de agosto. Padre Ernanne pediu ora\u00e7\u00f5es pelas voca\u00e7\u00f5es sacerdotais, religiosas, matrimoniais e rezou pelas voca\u00e7\u00f5es pol\u00edticas.<\/p>\n<p style=\"text-align: justify\">A Missa dos Parlamentares \u00e9 organizada pela CBJP e pela Assessoria Pol\u00edtica da CNBB. \u00c9 celebrada sempre na terceira quinta-feira de cada m\u00eas, \u00e0s 8h.<\/p>\n","protected":false},"excerpt":{"rendered":"<p>Na manh\u00e3 desta quinta-feira, 18, foi celebrada a Missa dos Parlamentares na capela Nossa Senhora Aparecida, sede da Confer\u00eancia Nacional dos Bispos do Brasil (CNBB). A celebra\u00e7\u00e3o contou com a participa\u00e7\u00e3o de 25 pessoas, entre deputados, senadores, assessores parlamentares e colaboradores da Comiss\u00e3o Brasileira de Justi\u00e7a e Paz (CBJP) e da CNBB.<\/p>\n","protected":false},"author":83,"featured_media":17438,"comment_status":"open","ping_status":"open","sticky":false,"template":"","format":"standard","meta":{"site-sidebar-layout":"default","site-content-layout":"default","ast-global-header-display":"","ast-banner-title-visibility":"","ast-main-header-display":"","ast-hfb-above-header-display":"","ast-hfb-below-header-display":"","ast-hfb-mobile-header-display":"","site-post-title":"","ast-breadcrumbs-content":"","ast-featured-img":"","footer-sml-layout":"","theme-transparent-header-meta":"","adv-header-id-meta":"","stick-header-meta":"","header-above-stick-meta":"","header-main-stick-meta":"","header-below-stick-meta":""},"categories":[841],"tags":[],"acf":[],"_links":{"self":[{"href":"https:\/\/www.cnbb.org.br\/cnbb-app\/wp\/v2\/posts\/17437"}],"collection":[{"href":"https:\/\/www.cnbb.org.br\/cnbb-app\/wp\/v2\/posts"}],"about":[{"href":"https:\/\/www.cnbb.org.br\/cnbb-app\/wp\/v2\/types\/post"}],"author":[{"embeddable":true,"href":"https:\/\/www.cnbb.org.br\/cnbb-app\/wp\/v2\/users\/83"}],"replies":[{"embeddable":true,"href":"https:\/\/www.cnbb.org.br\/cnbb-app\/wp\/v2\/comments?post=17437"}],"version-history":[{"count":0,"href":"https:\/\/www.cnbb.org.br\/cnbb-app\/wp\/v2\/posts\/17437\/revisions"}],"wp:featuredmedia":[{"embeddable":true,"href":"https:\/\/www.cnbb.org.br\/cnbb-app\/wp\/v2\/media\/17438"}],"wp:attachment":[{"href":"https:\/\/www.cnbb.org.br\/cnbb-app\/wp\/v2\/media?parent=17437"}],"wp:term":[{"taxonomy":"category","embeddable":true,"href":"https:\/\/www.cnbb.org.br\/cnbb-app\/wp\/v2\/categories?post=17437"},{"taxonomy":"post_tag","embeddable":true,"href":"https:\/\/www.cnbb.org.br\/cnbb-app\/wp\/v2\/tags?post=17437"}],"curies":[{"name":"wp","href":"https:\/\/api.w.org\/{rel}","templated":true}]}}