{"id":17441,"date":"2011-08-22T00:00:00","date_gmt":"2011-08-22T03:00:00","guid":{"rendered":"https:\/\/www.cnbb.org.br\/festa-brasileira-em-madri-e-prejudicada-pelo-mau-tempo\/"},"modified":"2011-08-22T00:00:00","modified_gmt":"2011-08-22T03:00:00","slug":"festa-brasileira-em-madri-e-prejudicada-pelo-mau-tempo","status":"publish","type":"post","link":"https:\/\/www.cnbb.org.br\/festa-brasileira-em-madri-e-prejudicada-pelo-mau-tempo\/","title":{"rendered":"Festa brasileira em Madri \u00e9 prejudicada pelo mau tempo"},"content":{"rendered":"<p style=\"text-align: justify\">MADRI &#8211; A Festa basileira para comemorar o an\u00fancio do Rio como sede da pr\u00f3xima Jornada Mundial da Juventude, no Madri Rio, teve de ser interrompida por causa do mau tempo na capital espanhola. Um grande n\u00famero de brasileiros j\u00e1 estava no local no final da tarde deste domingo, 21, e a festa j\u00e1 havia come\u00e7ado quando os organizadores tomaram a decis\u00e3o de cancelar os shows por medida de seguran\u00e7a por causa da forte ventania.<\/p>\n<p>  <!--more-->  <\/p>\n<p style=\"text-align: justify\">A cerim\u00f4nia de acolhida da Cruz e do \u00edcone de Nossa Senhora durante a festa tamb\u00e9m teve de ser cancelada. \u201cN\u00e3o pudemos realizar a celebra\u00e7\u00e3o com a cruz. Talvez isso seja um sinal para vermos se aquela cruz, que estava no palco at\u00e9 hoje na celebra\u00e7\u00e3o, est\u00e1 realmente gravada no nosso cora\u00e7\u00e3o\u201d, disse o presidente da Comiss\u00e3o Episcopal Pastoral para a Juventude da CNBB e bispo auxiliar de Campo Grande (MS), dom Eduardo Pinheiro.<\/p>\n<p style=\"text-align: justify\">Apesar do cancelamento da festa, alguns dos m\u00fasicos presentes, liderado pelo Brais Oz, munidos de viol\u00e3o, gaita e saxofone, fizeram a festa fora do palco. Reunidos com a juventude brasileira, que n\u00e3o foi embora na esperan\u00e7a da melhora do tempo, deram in\u00edcio a um \u201cshow diferente\u201d, com os artistas puxando v\u00e1rias can\u00e7\u00f5es, acompanhados pelo p\u00fablico.<\/p>\n<p style=\"text-align: justify\">A paulista Anne Trevisam ficou e gostou. \u201cEstamos acostumados a ver os artistas no palco, mas hoje eles estavam ao nosso lado, como irm\u00e3os, rezando conosco pelo Brasil e por n\u00f3s mesmos. O clima de intimidade foi maravilhoso! Creio que Deus fez grandes coisas entre n\u00f3s\u201d, disse.<\/p>\n<p style=\"text-align: justify\">O cantor Iza\u00edas tamb\u00e9m aprovou o show improvisado. \u201cA vontade de Deus nem sempre se coaduna com a nossa vontade. Deus n\u00e3o se submete ao nosso jeito de fazer as coisas. Deus tem um prop\u00f3sito, tem um projeto e a gente deve se submeter ao projeto de Deus. O palco \u00e9 bonito, \u00e9 importante, ajuda a gente a comunicar de uma maneira melhor, mas a ess\u00eancia est\u00e1 no encontro pessoal com Deus\u201d, destacou.<\/p>\n","protected":false},"excerpt":{"rendered":"<p>MADRI &#8211; A Festa basileira para comemorar o an\u00fancio do Rio como sede da pr\u00f3xima Jornada Mundial da Juventude, no Madri Rio, teve de ser interrompida por causa do mau tempo na capital espanhola. Um grande n\u00famero de brasileiros j\u00e1 estava no local no final da tarde deste domingo, 21, e a festa j\u00e1 havia &hellip;<\/p>\n<p class=\"read-more\"> <a class=\"\" href=\"https:\/\/www.cnbb.org.br\/festa-brasileira-em-madri-e-prejudicada-pelo-mau-tempo\/\"> <span class=\"screen-reader-text\">Festa brasileira em Madri \u00e9 prejudicada pelo mau tempo<\/span> Leia mais &raquo;<\/a><\/p>\n","protected":false},"author":83,"featured_media":17442,"comment_status":"open","ping_status":"open","sticky":false,"template":"","format":"standard","meta":{"site-sidebar-layout":"default","site-content-layout":"default","ast-global-header-display":"","ast-banner-title-visibility":"","ast-main-header-display":"","ast-hfb-above-header-display":"","ast-hfb-below-header-display":"","ast-hfb-mobile-header-display":"","site-post-title":"","ast-breadcrumbs-content":"","ast-featured-img":"","footer-sml-layout":"","theme-transparent-header-meta":"","adv-header-id-meta":"","stick-header-meta":"","header-above-stick-meta":"","header-main-stick-meta":"","header-below-stick-meta":""},"categories":[841],"tags":[],"acf":[],"_links":{"self":[{"href":"https:\/\/www.cnbb.org.br\/cnbb-app\/wp\/v2\/posts\/17441"}],"collection":[{"href":"https:\/\/www.cnbb.org.br\/cnbb-app\/wp\/v2\/posts"}],"about":[{"href":"https:\/\/www.cnbb.org.br\/cnbb-app\/wp\/v2\/types\/post"}],"author":[{"embeddable":true,"href":"https:\/\/www.cnbb.org.br\/cnbb-app\/wp\/v2\/users\/83"}],"replies":[{"embeddable":true,"href":"https:\/\/www.cnbb.org.br\/cnbb-app\/wp\/v2\/comments?post=17441"}],"version-history":[{"count":0,"href":"https:\/\/www.cnbb.org.br\/cnbb-app\/wp\/v2\/posts\/17441\/revisions"}],"wp:featuredmedia":[{"embeddable":true,"href":"https:\/\/www.cnbb.org.br\/cnbb-app\/wp\/v2\/media\/17442"}],"wp:attachment":[{"href":"https:\/\/www.cnbb.org.br\/cnbb-app\/wp\/v2\/media?parent=17441"}],"wp:term":[{"taxonomy":"category","embeddable":true,"href":"https:\/\/www.cnbb.org.br\/cnbb-app\/wp\/v2\/categories?post=17441"},{"taxonomy":"post_tag","embeddable":true,"href":"https:\/\/www.cnbb.org.br\/cnbb-app\/wp\/v2\/tags?post=17441"}],"curies":[{"name":"wp","href":"https:\/\/api.w.org\/{rel}","templated":true}]}}