{"id":17466,"date":"2011-10-04T00:00:00","date_gmt":"2011-10-04T03:00:00","guid":{"rendered":"https:\/\/www.cnbb.org.br\/cimi-discute-bem-viver-e-elege-nova-diretoria-em-assembleia-geral\/"},"modified":"2011-10-04T00:00:00","modified_gmt":"2011-10-04T03:00:00","slug":"cimi-discute-bem-viver-e-elege-nova-diretoria-em-assembleia-geral","status":"publish","type":"post","link":"https:\/\/www.cnbb.org.br\/cimi-discute-bem-viver-e-elege-nova-diretoria-em-assembleia-geral\/","title":{"rendered":"Cimi discute \u201cBem Viver\u201d e elege nova diretoria em Assembleia Geral"},"content":{"rendered":"<p style=\"text-align: justify\">Tem in\u00edcio nesta ter\u00e7a-feira, 4, a 19\u00aa Assembleia Geral do Conselho Indigenista Mission\u00e1rio (Cimi). Com o tema \u201cA M\u00e3e Terra Clama pelo Bem Viver\u201d, cerca de 200 pessoas, entre mission\u00e1rios e convidados, est\u00e3o reunidos.<\/p>\n<p>  <!--more-->  <\/p>\n<p style=\"text-align: justify\">Durante o evento ser\u00e1 eleita a nova diretoria da entidade e os novos representantes de seu Conselho Fiscal. O encontro acontece no Centro de Forma\u00e7\u00e3o Vicente Ca\u00f1as, em Luzi\u00e2nia (GO), at\u00e9 o pr\u00f3ximo s\u00e1bado, dia 8.<\/p>\n<p style=\"text-align: justify\">As atividades giram em torno da tem\u00e1tica do Bem Viver, discuss\u00e3o que h\u00e1 cerca de dois anos vem sendo desenvolvida pelo Cimi atrav\u00e9s dos seus mission\u00e1rios, atualmente divididos em 11 regionais, e pelas comunidades ind\u00edgenas. O tema chegou ao Brasil h\u00e1 pouco tempo, mas j\u00e1 \u00e9 bastante discutido em pa\u00edses vizinhos ao Brasil, como Bol\u00edvia e Equador.<\/p>\n<p style=\"text-align: justify\">De acordo com o secret\u00e1rio adjunto da entidade, Saulo Feitosa, o Cimi traz a discuss\u00e3o ao pa\u00eds, pois acredita que ela \u00e9 uma nova possibilidade de descoloniza\u00e7\u00e3o, de oposi\u00e7\u00e3o ao capitalismo neoliberal. \u201cEla traz uma nova alternativa ao atual modelo econ\u00f4mico, que j\u00e1 d\u00e1 sinais de esgotamento, tanto sociais quanto financeiros\u201d, avalia Feitosa.<\/p>\n<p style=\"text-align: justify\">A proposta do Bem Viver diz que \u00e9 preciso romper com o sistema mercantilista de produ\u00e7\u00e3o e consumo, propondo ainda que se repartam os bens para que todos possam viver bem e n\u00e3o viver melhor, acumulando riquezas como prega o capitalismo neoliberal e seu consumo desmedido.<\/p>\n<p style=\"text-align: justify\">Para o Bem Viver \u00e9 preciso descolonizar, romper \u00e9tica, cultural e economicamente, valorizando a identidade e o equil\u00edbrio \u00e9 preciso ainda democratizar os meios de produ\u00e7\u00e3o, priorizar a vida e os direitos c\u00f3smicos, bem como lutar por direitos e pelo protagonismo social.<\/p>\n<p style=\"text-align: justify\"><strong>Convidados<\/strong><\/p>\n<p style=\"text-align: justify\">Para subsidiar as reflex\u00f5es, lideran\u00e7as ind\u00edgenas, pesquisadores e estudiosos falar\u00e3o sobre a tem\u00e1tica do encontro sob diversos \u00e2ngulos. Paulo Suess, assessor Teol\u00f3gico do Cimi, falar\u00e1 sobre O Bem Viver na A\u00e7\u00e3o Prof\u00e9tica da entidade. O Bem Viver e o Reino de Deus ficar\u00e1 a cargo de Carlos Mesters, frade carmelita holand\u00eas que vive no Brasil desde 1949.<\/p>\n<p style=\"text-align: justify\">Sob a \u00f3tica budista, os participantes acompanhar\u00e3o as falas de Monja Coen sobre O Bem Viver na perspectiva do Zen Budismo. A antrop\u00f3loga Rita Segatto e o padre jesu\u00edta Xavier Alb\u00f3 levar\u00e3o as discuss\u00f5es sobre as Experi\u00eancias Amer\u00edndias do Bem Viver.<\/p>\n","protected":false},"excerpt":{"rendered":"<p>Tem in\u00edcio nesta ter\u00e7a-feira, 4, a 19\u00aa Assembleia Geral do Conselho Indigenista Mission\u00e1rio (Cimi). Com o tema \u201cA M\u00e3e Terra Clama pelo Bem Viver\u201d, cerca de 200 pessoas, entre mission\u00e1rios e convidados, est\u00e3o reunidos.<\/p>\n","protected":false},"author":83,"featured_media":0,"comment_status":"open","ping_status":"open","sticky":false,"template":"","format":"standard","meta":{"site-sidebar-layout":"default","site-content-layout":"default","ast-global-header-display":"","ast-banner-title-visibility":"","ast-main-header-display":"","ast-hfb-above-header-display":"","ast-hfb-below-header-display":"","ast-hfb-mobile-header-display":"","site-post-title":"","ast-breadcrumbs-content":"","ast-featured-img":"","footer-sml-layout":"","theme-transparent-header-meta":"","adv-header-id-meta":"","stick-header-meta":"","header-above-stick-meta":"","header-main-stick-meta":"","header-below-stick-meta":""},"categories":[841],"tags":[],"acf":[],"_links":{"self":[{"href":"https:\/\/www.cnbb.org.br\/cnbb-app\/wp\/v2\/posts\/17466"}],"collection":[{"href":"https:\/\/www.cnbb.org.br\/cnbb-app\/wp\/v2\/posts"}],"about":[{"href":"https:\/\/www.cnbb.org.br\/cnbb-app\/wp\/v2\/types\/post"}],"author":[{"embeddable":true,"href":"https:\/\/www.cnbb.org.br\/cnbb-app\/wp\/v2\/users\/83"}],"replies":[{"embeddable":true,"href":"https:\/\/www.cnbb.org.br\/cnbb-app\/wp\/v2\/comments?post=17466"}],"version-history":[{"count":0,"href":"https:\/\/www.cnbb.org.br\/cnbb-app\/wp\/v2\/posts\/17466\/revisions"}],"wp:attachment":[{"href":"https:\/\/www.cnbb.org.br\/cnbb-app\/wp\/v2\/media?parent=17466"}],"wp:term":[{"taxonomy":"category","embeddable":true,"href":"https:\/\/www.cnbb.org.br\/cnbb-app\/wp\/v2\/categories?post=17466"},{"taxonomy":"post_tag","embeddable":true,"href":"https:\/\/www.cnbb.org.br\/cnbb-app\/wp\/v2\/tags?post=17466"}],"curies":[{"name":"wp","href":"https:\/\/api.w.org\/{rel}","templated":true}]}}