{"id":17467,"date":"2011-10-04T00:00:00","date_gmt":"2011-10-04T03:00:00","guid":{"rendered":"https:\/\/www.cnbb.org.br\/francisco-de-assis-nas-palavras-do-cardeal-hummes\/"},"modified":"2011-10-04T00:00:00","modified_gmt":"2011-10-04T03:00:00","slug":"francisco-de-assis-nas-palavras-do-cardeal-hummes","status":"publish","type":"post","link":"https:\/\/www.cnbb.org.br\/francisco-de-assis-nas-palavras-do-cardeal-hummes\/","title":{"rendered":"Francisco de assis nas palavras do cardeal Hummes"},"content":{"rendered":"<p style=\"text-align: justify\">Celebra-se nesta ter\u00e7a-feira, 4 de outubro, a festa do grande S\u00e3o Francisco de Assis. Jovem pertencente \u00e0 classe alta, envolvido pelos prazeres da vida, foi tocado pela miseric\u00f3rdia de Deus e deixou-se levar por ela. Colaborou para sua convers\u00e3o ao servi\u00e7o da vida o sonho que teve em uma situa\u00e7\u00e3o de conflito armado onde combatia a favor do Papa e era convidado a seguir de prefer\u00eancia o Patr\u00e3o do que o servo. Voltando a Assis, dedicou-se ao servi\u00e7o dos doentes e pobres.<\/p>\n<p>  <!--more-->  <\/p>\n<p style=\"text-align: justify\">Um dia indo rezar na igrejinha de S\u00e3o Dami\u00e3o, em ru\u00ednas, ouviu: \u201cFrancisco, repara minha Igreja, que como v\u00eas est\u00e1 desabando\u201d. Francisco, tomado de grande fervor, despojou-se de tudo: riquezas, ambi\u00e7\u00f5es, orgulho e at\u00e9 da roupa que usava. N\u00e3o apenas abra\u00e7ou, mas tamb\u00e9m reprop\u00f4s ao mundo o ideal evang\u00e9lico de humildade, pobreza e castidade.<\/p>\n<p style=\"text-align: justify\">Vestido pobremente, juntamente com seus amigos se apresentou ao Papa Inoc\u00eancio III, que profundamente impressionado com o grupo, aprovou a Regra Franciscana. \u201cA regra e a vida dos Frades Menores \u00e9 observar o Evangelho de Nosso Senhor Jesus Cristo, vivendo em obedi\u00eancia, sem propriedade e em castidade\u201d. O maior desejo de S\u00e3o Francisco era que seus seguidores vivessem o Evangelho. Aqueles que quiserem um dia seguir os passos de S\u00e3o Francisco devem observar o prop\u00f3sito: &#8220;o homem n\u00e3o vive somente de p\u00e3o, mas de toda palavra da boca de Deus&#8221;.<\/p>\n<p style=\"text-align: justify\">Francisco viveu intensamente as palavras do Senhor que dizem: &#8220;Vem e Segue-me&#8221;. Atendeu a este apelo radicalmente doando-se aos irm\u00e3os e principalmente, lutando junto \u00e0 cruz de Cristo para atingir a perfei\u00e7\u00e3o evang\u00e9lica. Seu exemplo, admirado e seguido por milhares de pessoas atrav\u00e9s dos s\u00e9culos, \u00e9 o que nos cativa at\u00e9 hoje, e nos convida a viver essa doa\u00e7\u00e3o ao pr\u00f3ximo e ao irm\u00e3o. Que a palavra do Senhor viva em nosso meio nos seja tamb\u00e9m fonte de inspira\u00e7\u00e3o, vida e esperan\u00e7a para a nossa vida e para os irm\u00e3os, como foi em Francisco o grande &#8220;Arauto da Paz&#8221;. O Cardeal Claudio Hummes, Arcebispo em\u00e9rito de S\u00e3o Paulo e Prefeito em\u00e9rito da Congrega\u00e7\u00e3o para o Clero, \u00e9 um franciscano. Ele participou, semana passada, do encontro &#8220;A rela\u00e7\u00e3o entre a Ordem franciscana e a Igreja&#8221;, na cidade de Assis. Ele lembrou uma frase da primeira regra n\u00e3o bulada (n\u00e3o definitiva) de S\u00e3o Francisco: &#8220;os frades sejam cat\u00f3licos. Eis a declara\u00e7\u00e3o de Dom Claudio:<\/p>\n<p style=\"text-align: justify\">\u201cA frase, lapidar, era exatamente o que era S\u00e3o Francisco. O franciscano deve ser muito em comunh\u00e3o com o Papa, com a Igreja romana, com a Igreja cat\u00f3lica: os frades sejam cat\u00f3licos. N\u00e3o precisou dizer mais do que isto. No fundo, o que Francisco queria era viver o Evangelho literalmente, sem nenhuma modifica\u00e7\u00e3o. Ele queria era viver o Evangelho. Por isso tamb\u00e9m ele foi o santo que reformou a Igreja com amor; ele nunca criticou a Igreja ou quem quer que seja da Igreja; s\u00f3 pediu a Igreja a ben\u00e7\u00e3o para viver plenamente e ao p\u00e9 da letra, o Evangelho de Jesus Cristo, a vida de Jesus com seus ap\u00f3stolos. No encontro de Assis falou-se tamb\u00e9m da miss\u00e3o, da Nova Evangeliza\u00e7\u00e3o, que hoje \u00e9 uma das grandes expectativas da Igreja. O Papa espera dos franciscanos que n\u00f3s tamb\u00e9m nos empenhemos na miss\u00e3o e na Nova Evangeliza\u00e7\u00e3o. Foi uma das coisas que eu tamb\u00e9m coloquei na palestra sobre as \u201cExpectativas da Igreja em rela\u00e7\u00e3o aos franciscanos\u201d<\/p>\n","protected":false},"excerpt":{"rendered":"<p>Celebra-se nesta ter\u00e7a-feira, 4 de outubro, a festa do grande S\u00e3o Francisco de Assis. Jovem pertencente \u00e0 classe alta, envolvido pelos prazeres da vida, foi tocado pela miseric\u00f3rdia de Deus e deixou-se levar por ela. Colaborou para sua convers\u00e3o ao servi\u00e7o da vida o sonho que teve em uma situa\u00e7\u00e3o de conflito armado onde combatia &hellip;<\/p>\n<p class=\"read-more\"> <a class=\"\" href=\"https:\/\/www.cnbb.org.br\/francisco-de-assis-nas-palavras-do-cardeal-hummes\/\"> <span class=\"screen-reader-text\">Francisco de assis nas palavras do cardeal Hummes<\/span> Leia mais &raquo;<\/a><\/p>\n","protected":false},"author":83,"featured_media":17468,"comment_status":"open","ping_status":"open","sticky":false,"template":"","format":"standard","meta":{"site-sidebar-layout":"default","site-content-layout":"default","ast-global-header-display":"","ast-banner-title-visibility":"","ast-main-header-display":"","ast-hfb-above-header-display":"","ast-hfb-below-header-display":"","ast-hfb-mobile-header-display":"","site-post-title":"","ast-breadcrumbs-content":"","ast-featured-img":"","footer-sml-layout":"","theme-transparent-header-meta":"","adv-header-id-meta":"","stick-header-meta":"","header-above-stick-meta":"","header-main-stick-meta":"","header-below-stick-meta":""},"categories":[841],"tags":[],"acf":[],"_links":{"self":[{"href":"https:\/\/www.cnbb.org.br\/cnbb-app\/wp\/v2\/posts\/17467"}],"collection":[{"href":"https:\/\/www.cnbb.org.br\/cnbb-app\/wp\/v2\/posts"}],"about":[{"href":"https:\/\/www.cnbb.org.br\/cnbb-app\/wp\/v2\/types\/post"}],"author":[{"embeddable":true,"href":"https:\/\/www.cnbb.org.br\/cnbb-app\/wp\/v2\/users\/83"}],"replies":[{"embeddable":true,"href":"https:\/\/www.cnbb.org.br\/cnbb-app\/wp\/v2\/comments?post=17467"}],"version-history":[{"count":0,"href":"https:\/\/www.cnbb.org.br\/cnbb-app\/wp\/v2\/posts\/17467\/revisions"}],"wp:featuredmedia":[{"embeddable":true,"href":"https:\/\/www.cnbb.org.br\/cnbb-app\/wp\/v2\/media\/17468"}],"wp:attachment":[{"href":"https:\/\/www.cnbb.org.br\/cnbb-app\/wp\/v2\/media?parent=17467"}],"wp:term":[{"taxonomy":"category","embeddable":true,"href":"https:\/\/www.cnbb.org.br\/cnbb-app\/wp\/v2\/categories?post=17467"},{"taxonomy":"post_tag","embeddable":true,"href":"https:\/\/www.cnbb.org.br\/cnbb-app\/wp\/v2\/tags?post=17467"}],"curies":[{"name":"wp","href":"https:\/\/api.w.org\/{rel}","templated":true}]}}