{"id":17514,"date":"2012-02-06T00:00:00","date_gmt":"2012-02-06T02:00:00","guid":{"rendered":"https:\/\/www.cnbb.org.br\/missa-de-despedida-de-dom-lorenzo-baldisseri\/"},"modified":"2012-02-06T00:00:00","modified_gmt":"2012-02-06T02:00:00","slug":"missa-de-despedida-de-dom-lorenzo-baldisseri","status":"publish","type":"post","link":"https:\/\/www.cnbb.org.br\/missa-de-despedida-de-dom-lorenzo-baldisseri\/","title":{"rendered":"Missa de despedida de dom Lorenzo Baldisseri"},"content":{"rendered":"<p style=\"text-align: justify\">A Catedral Metropolitana de Bras\u00edlia lotou na manh\u00e3 deste domingo, dia 5, em ocasi\u00e3o da Missa em A\u00e7\u00e3o de Gra\u00e7as pelos trabalhos realizados por dom Lorenzo Baldisseri \u00e0 frente da Nunciatura Apost\u00f3lica do Brasil.<\/p>\n<p>  <!--more-->  <\/p>\n<p style=\"text-align: justify\">Dom Lorenzo foi o representante diplom\u00e1tico da Santa S\u00e9 em nosso pa\u00eds durante nove anos. Mas, no \u00faltimo dia 11, o religioso foi nomeado pelo Santo Padre, o papa Bento XVI, secret\u00e1rio da Congrega\u00e7\u00e3o para os Bispos.<\/p>\n<p style=\"text-align: justify\">O N\u00fancio ir\u00e1 substituir e assumir as fun\u00e7\u00f5es de dom Manuel Monteiro que ser\u00e1 criado cardeal na cerim\u00f4nia do pr\u00f3ximo dia 18, data na qual o ex-arcebispo de Bras\u00edlia e atual prefeito da Congrega\u00e7\u00e3o para os Institutos de Vida Consagrada e Sociedades de Vida Apost\u00f3lica, dom Jo\u00e3o Braz de Aviz, tamb\u00e9m receber\u00e1 o cardinalato.<\/p>\n<p style=\"text-align: justify\">Durante a Celebra\u00e7\u00e3o, diante de leigos, fi\u00e9is, embaixadores, autoridades pol\u00edticas e religiosas de toda a parte do mundo, o N\u00fancio demonstrou o apego ao pa\u00eds e, emocionado, agradeceu a Igreja e a na\u00e7\u00e3o Brasileira. \u201cNesta celebra\u00e7\u00e3o, quero elevar louvores a Deus e a imensa gratid\u00e3o pelos anos transcorridos no Brasil como N\u00fancio Apost\u00f3lico. Carregarei o Brasil em meu cora\u00e7\u00e3o\u201d, assegurou o religioso.<\/p>\n<p style=\"text-align: justify\">Os presentes demonstravam a reciprocidade no sentimento com intensos aplausos, sorrisos alegres e faixas com mensagens carinhosas em homenagem ao N\u00fancio.<\/p>\n<p style=\"text-align: justify\">O arcebispo de Bras\u00edlia (DF), dom S\u00e9rgio da Rocha, al\u00e9m de agradecer a dom Baldisseri \u201cpelo bem realizado\u201d, expressou publicamente as felicita\u00e7\u00f5es ao bispo pela nomea\u00e7\u00e3o. \u201cEssa nova miss\u00e3o, recebida pelo papa Bento XVI, \u00e9 sinal da confian\u00e7a, do reconhecimento da compet\u00eancia e da larga experi\u00eancia diplom\u00e1tica nas diversas regi\u00f5es do mundo adquirida por dom Lorenzo ao longo de tantos anos\u201d, afirmou dom S\u00e9rgio.<\/p>\n<p style=\"text-align: justify\">J\u00e1 o presidente da Confer\u00eancia Nacional dos Bispos do Brasil (CNBB), dom Raymundo Damasceno, relatou sobre o desempenho, a dedica\u00e7\u00e3o e o papel de intermedi\u00e1rio de comunica\u00e7\u00e3o entre a Santa S\u00e9 e o Governo do Brasil. \u201cEsteve sempre \u00e0 frente nas ocasi\u00f5es em que se fazia necess\u00e1ria a presen\u00e7a do representante do Santo Padre, chefe do Estado da Cidade do Vaticano, junto ao governo brasileiro\u201d.<\/p>\n<p style=\"text-align: justify\">Em certo momento, dom Damasceno chegou a reproduzir a defini\u00e7\u00e3o de N\u00fancio Apost\u00f3lico proferida pelo papa Bento XVI, durante discurso na Escola de Diplomata no Vaticano, comparando a semelhan\u00e7a com as atitudes do novo Secret\u00e1rio da Congrega\u00e7\u00e3o para os Bispos: \u201cO N\u00fancio \u00e9 um sacerdote, um bispo, um homem que escolheu viver a servi\u00e7o de uma palavra que n\u00e3o \u00e9 a sua. De fato, \u00e9 um servo da palavra de Deus. Foi investido, como cada sacerdote, de uma miss\u00e3o que n\u00e3o pode ser desempenhada a meio termo, mas precisa que ela seja, como toda a sua vida, uma resson\u00e2ncia da mensagem que lhe esta confiada, a do Evangelho\u201d.<\/p>\n<p style=\"text-align: justify\">Al\u00e9m das fun\u00e7\u00f5es diplom\u00e1ticas, cria\u00e7\u00f5es de dioceses, visitas \u00e0s arquidioceses, presen\u00e7a nas reuni\u00f5es e Assembleias do Episcopado Brasileiro, solicitude nas nomea\u00e7\u00f5es de bispos, pronunciamento em livros publicados, contribui\u00e7\u00e3o para a visita do papa Bento XVI e a escolha do Brasil como sede da Jornada Mundial da Juventude em 2013, e o emprenho a favor da unidade da Igreja foram algumas das atividades desempenhadas por dom Lorenzo, citadas por dom S\u00e9rgio.<\/p>\n<p style=\"text-align: justify\">Mas, entre essas iniciativas realizadas pelo bispo, de acordo com o Presidente da CNBB, a que mais teve destaque foi a conclus\u00e3o do acordo do governo brasileiro e a Santa S\u00e9, promulgada pelo presidente Luiz In\u00e1cio da Silva, em 11 de fevereiro de 2010.<\/p>\n<p style=\"text-align: justify\">O acordo estabeleceu o Estatuto Jur\u00eddico da Igreja Cat\u00f3lica no Brasil. \u201cO seu papel foi decisivo, hist\u00f3rico, de modo a se tornar, para n\u00f3s, o legado que vai garantir, segundo suas pr\u00f3prias palavras, por ocasi\u00e3o da promulga\u00e7\u00e3o do tratado, a estabilidade tanto da continuidade de rela\u00e7\u00f5es harmoniosa entre Bras\u00edlia e a Santa S\u00e9, quanto no esclarecimento de uma clara e adequada regulamenta\u00e7\u00e3o da presen\u00e7a de contribui\u00e7\u00e3o da Igreja para o progresso, harmonia e o bem comum da sociedade brasileira\u201d, esclareceu o cardeal Damasceno.<\/p>\n<p style=\"text-align: justify\">Ao final da celebra\u00e7\u00e3o, antes da ben\u00e7\u00e3o final, dom Lorenzo voltou a declarar o seu amor \u00e0 na\u00e7\u00e3o brasileira, garantiu que voltar\u00e1 a este pa\u00eds sempre que puder e se disp\u00f4s a ajudar sempre que preciso, mesmo de longe.<\/p>\n<p style=\"text-align: justify\">Dom Lorenzo deve viajar para Roma nos pr\u00f3ximos dias para assumir o Dicast\u00e9rio Romano. Mas antes, ele visitar\u00e1 as diversas arquidioceses do Brasil para se despedir pessoalmente dos membros da Igreja no pa\u00eds.<\/p>\n<p style=\"text-align: justify\">Vale ressaltar que o Vaticano ainda n\u00e3o anunciou o sucessor de Dom Baldisseri.<\/p>\n","protected":false},"excerpt":{"rendered":"<p>A Catedral Metropolitana de Bras\u00edlia lotou na manh\u00e3 deste domingo, dia 5, em ocasi\u00e3o da Missa em A\u00e7\u00e3o de Gra\u00e7as pelos trabalhos realizados por dom Lorenzo Baldisseri \u00e0 frente da Nunciatura Apost\u00f3lica do Brasil.<\/p>\n","protected":false},"author":83,"featured_media":17515,"comment_status":"open","ping_status":"open","sticky":false,"template":"","format":"standard","meta":{"site-sidebar-layout":"default","site-content-layout":"default","ast-global-header-display":"","ast-banner-title-visibility":"","ast-main-header-display":"","ast-hfb-above-header-display":"","ast-hfb-below-header-display":"","ast-hfb-mobile-header-display":"","site-post-title":"","ast-breadcrumbs-content":"","ast-featured-img":"","footer-sml-layout":"","theme-transparent-header-meta":"","adv-header-id-meta":"","stick-header-meta":"","header-above-stick-meta":"","header-main-stick-meta":"","header-below-stick-meta":""},"categories":[841],"tags":[],"acf":[],"_links":{"self":[{"href":"https:\/\/www.cnbb.org.br\/cnbb-app\/wp\/v2\/posts\/17514"}],"collection":[{"href":"https:\/\/www.cnbb.org.br\/cnbb-app\/wp\/v2\/posts"}],"about":[{"href":"https:\/\/www.cnbb.org.br\/cnbb-app\/wp\/v2\/types\/post"}],"author":[{"embeddable":true,"href":"https:\/\/www.cnbb.org.br\/cnbb-app\/wp\/v2\/users\/83"}],"replies":[{"embeddable":true,"href":"https:\/\/www.cnbb.org.br\/cnbb-app\/wp\/v2\/comments?post=17514"}],"version-history":[{"count":0,"href":"https:\/\/www.cnbb.org.br\/cnbb-app\/wp\/v2\/posts\/17514\/revisions"}],"wp:featuredmedia":[{"embeddable":true,"href":"https:\/\/www.cnbb.org.br\/cnbb-app\/wp\/v2\/media\/17515"}],"wp:attachment":[{"href":"https:\/\/www.cnbb.org.br\/cnbb-app\/wp\/v2\/media?parent=17514"}],"wp:term":[{"taxonomy":"category","embeddable":true,"href":"https:\/\/www.cnbb.org.br\/cnbb-app\/wp\/v2\/categories?post=17514"},{"taxonomy":"post_tag","embeddable":true,"href":"https:\/\/www.cnbb.org.br\/cnbb-app\/wp\/v2\/tags?post=17514"}],"curies":[{"name":"wp","href":"https:\/\/api.w.org\/{rel}","templated":true}]}}