{"id":17521,"date":"2012-02-23T00:00:00","date_gmt":"2012-02-23T02:00:00","guid":{"rendered":"https:\/\/www.cnbb.org.br\/lancamento-do-livro-apostolicam-actuositatem\/"},"modified":"2012-02-23T00:00:00","modified_gmt":"2012-02-23T02:00:00","slug":"lancamento-do-livro-apostolicam-actuositatem","status":"publish","type":"post","link":"https:\/\/www.cnbb.org.br\/lancamento-do-livro-apostolicam-actuositatem\/","title":{"rendered":"Lan\u00e7amento do livro \u201cApostolicam Actuositatem\u201d"},"content":{"rendered":"<p style=\"text-align: justify\">Acontece no Centro de Forma\u00e7\u00e3o Sagrada Fam\u00edlia, em S\u00e3o Paulo (SP), o Semin\u00e1rio sobre os Minist\u00e9rios Laicais, que conta com a participa\u00e7\u00e3o de representantes do Setor Leigos da Confer\u00eancia Nacional dos Bispos do Brasil (CNBB). O evento come\u00e7a no dia 24 e segue at\u00e9 26 de fevereiro.<\/p>\n<p>  <!--more-->  <\/p>\n<p style=\"text-align: justify\">Neste Semin\u00e1rio haver\u00e1 tamb\u00e9m o lan\u00e7amento do livro \u201cApostolicam Actuositatem\u201d Texto e Coment\u00e1rio, de Ant\u00f4nio Jos\u00e9 de Almeida. Este \u00e9 o documento conciliar do Vaticano II sobre o apostolado dos leigos, que brota e se funda na voca\u00e7\u00e3o crist\u00e3.<\/p>\n<p style=\"text-align: justify\">Segundo o autor do livro, nas circunst\u00e2ncias atuais, devido \u00e0 complexidade da situa\u00e7\u00e3o e \u00e0 autonomia alcan\u00e7ada por numerosos setores da vida, os leigos s\u00e3o a presen\u00e7a privilegiada da Igreja no mundo. \u201cH\u00e1, de fato, situa\u00e7\u00f5es que est\u00e3o abertas s\u00f3 a eles; em setores decisivos da vida humana, como o \u00e9tico, seu apostolado \u00e9 urgente; onde a escassez de ministros ordenados ou as restri\u00e7\u00f5es ao seu minist\u00e9rio se fazem presentes, \u2018sem a a\u00e7\u00e3o dos leigos, a Igreja mal poderia garantir sua presen\u00e7a e a\u00e7\u00e3o\u2019\u201d, disse Ant\u00f4nio de Almeida.<\/p>\n","protected":false},"excerpt":{"rendered":"<p>Acontece no Centro de Forma\u00e7\u00e3o Sagrada Fam\u00edlia, em S\u00e3o Paulo (SP), o Semin\u00e1rio sobre os Minist\u00e9rios Laicais, que conta com a participa\u00e7\u00e3o de representantes do Setor Leigos da Confer\u00eancia Nacional dos Bispos do Brasil (CNBB). O evento come\u00e7a no dia 24 e segue at\u00e9 26 de fevereiro.<\/p>\n","protected":false},"author":83,"featured_media":17522,"comment_status":"open","ping_status":"open","sticky":false,"template":"","format":"standard","meta":{"site-sidebar-layout":"default","site-content-layout":"default","ast-global-header-display":"","ast-banner-title-visibility":"","ast-main-header-display":"","ast-hfb-above-header-display":"","ast-hfb-below-header-display":"","ast-hfb-mobile-header-display":"","site-post-title":"","ast-breadcrumbs-content":"","ast-featured-img":"","footer-sml-layout":"","theme-transparent-header-meta":"","adv-header-id-meta":"","stick-header-meta":"","header-above-stick-meta":"","header-main-stick-meta":"","header-below-stick-meta":""},"categories":[841],"tags":[],"acf":[],"_links":{"self":[{"href":"https:\/\/www.cnbb.org.br\/cnbb-app\/wp\/v2\/posts\/17521"}],"collection":[{"href":"https:\/\/www.cnbb.org.br\/cnbb-app\/wp\/v2\/posts"}],"about":[{"href":"https:\/\/www.cnbb.org.br\/cnbb-app\/wp\/v2\/types\/post"}],"author":[{"embeddable":true,"href":"https:\/\/www.cnbb.org.br\/cnbb-app\/wp\/v2\/users\/83"}],"replies":[{"embeddable":true,"href":"https:\/\/www.cnbb.org.br\/cnbb-app\/wp\/v2\/comments?post=17521"}],"version-history":[{"count":0,"href":"https:\/\/www.cnbb.org.br\/cnbb-app\/wp\/v2\/posts\/17521\/revisions"}],"wp:featuredmedia":[{"embeddable":true,"href":"https:\/\/www.cnbb.org.br\/cnbb-app\/wp\/v2\/media\/17522"}],"wp:attachment":[{"href":"https:\/\/www.cnbb.org.br\/cnbb-app\/wp\/v2\/media?parent=17521"}],"wp:term":[{"taxonomy":"category","embeddable":true,"href":"https:\/\/www.cnbb.org.br\/cnbb-app\/wp\/v2\/categories?post=17521"},{"taxonomy":"post_tag","embeddable":true,"href":"https:\/\/www.cnbb.org.br\/cnbb-app\/wp\/v2\/tags?post=17521"}],"curies":[{"name":"wp","href":"https:\/\/api.w.org\/{rel}","templated":true}]}}