{"id":17533,"date":"2012-04-12T00:00:00","date_gmt":"2012-04-12T03:00:00","guid":{"rendered":"https:\/\/www.cnbb.org.br\/cnnb-realiza-missa-para-parlamentares\/"},"modified":"2012-04-12T00:00:00","modified_gmt":"2012-04-12T03:00:00","slug":"cnnb-realiza-missa-para-parlamentares","status":"publish","type":"post","link":"https:\/\/www.cnbb.org.br\/cnnb-realiza-missa-para-parlamentares\/","title":{"rendered":"CNBB realiza missa para parlamentares"},"content":{"rendered":"<p style=\"text-align: justify\">Na manh\u00e3 desta quinta-feira, 12, foi realizada na sede da Confer\u00eancia Nacional dos Bispos do Brasil (CNBB) a Missa com os Parlamentares. A celebra\u00e7\u00e3o \u00e9 uma tradi\u00e7\u00e3o realizada na terceira semana de cada m\u00eas, especificamente, as quintas-feiras. No entanto, devido a 50\u00aa Assembleia Geral dos Bispos, que ocorrer\u00e1 entre os dias 17 e 26 de abril, em Aparecida (SP), a missa foi, excepcionalmente, antecipada para a segunda semana neste m\u00eas de abril.<\/p>\n<p>  <!--more-->  <\/p>\n<p style=\"text-align: justify\">A celebra\u00e7\u00e3o eucar\u00edstica, presidida pelo subsecret\u00e1rio de pastoral da CNBB, padre Francisco Wloch, teve in\u00edcio \u00e0s 8h, na Capela Nossa Senhora Aparecida, e foi organizada pela Assessoria Pol\u00edtica da CNBB e a Comiss\u00e3o Brasileira Justi\u00e7a e Paz (CBJP). Voltada para deputados, senadores, assessores parlamentares e familiares, a ocasi\u00e3o contou com a presen\u00e7a de lideran\u00e7as de diversos partidos.<\/p>\n<p style=\"text-align: justify\">Ap\u00f3s a missa, os participantes foram convidados para um caf\u00e9, para estreitar la\u00e7os de fraternidade e amizade.<\/p>\n","protected":false},"excerpt":{"rendered":"<p>Na manh\u00e3 desta quinta-feira, 12, foi realizada na sede da Confer\u00eancia Nacional dos Bispos do Brasil (CNBB) a Missa com os Parlamentares. A celebra\u00e7\u00e3o \u00e9 uma tradi\u00e7\u00e3o realizada na terceira semana de cada m\u00eas, especificamente, as quintas-feiras. No entanto, devido a 50\u00aa Assembleia Geral dos Bispos, que ocorrer\u00e1 entre os dias 17 e 26 de &hellip;<\/p>\n<p class=\"read-more\"> <a class=\"\" href=\"https:\/\/www.cnbb.org.br\/cnnb-realiza-missa-para-parlamentares\/\"> <span class=\"screen-reader-text\">CNBB realiza missa para parlamentares<\/span> Leia mais &raquo;<\/a><\/p>\n","protected":false},"author":83,"featured_media":17534,"comment_status":"open","ping_status":"open","sticky":false,"template":"","format":"standard","meta":{"site-sidebar-layout":"default","site-content-layout":"default","ast-global-header-display":"","ast-banner-title-visibility":"","ast-main-header-display":"","ast-hfb-above-header-display":"","ast-hfb-below-header-display":"","ast-hfb-mobile-header-display":"","site-post-title":"","ast-breadcrumbs-content":"","ast-featured-img":"","footer-sml-layout":"","theme-transparent-header-meta":"","adv-header-id-meta":"","stick-header-meta":"","header-above-stick-meta":"","header-main-stick-meta":"","header-below-stick-meta":""},"categories":[841],"tags":[],"acf":[],"_links":{"self":[{"href":"https:\/\/www.cnbb.org.br\/cnbb-app\/wp\/v2\/posts\/17533"}],"collection":[{"href":"https:\/\/www.cnbb.org.br\/cnbb-app\/wp\/v2\/posts"}],"about":[{"href":"https:\/\/www.cnbb.org.br\/cnbb-app\/wp\/v2\/types\/post"}],"author":[{"embeddable":true,"href":"https:\/\/www.cnbb.org.br\/cnbb-app\/wp\/v2\/users\/83"}],"replies":[{"embeddable":true,"href":"https:\/\/www.cnbb.org.br\/cnbb-app\/wp\/v2\/comments?post=17533"}],"version-history":[{"count":0,"href":"https:\/\/www.cnbb.org.br\/cnbb-app\/wp\/v2\/posts\/17533\/revisions"}],"wp:featuredmedia":[{"embeddable":true,"href":"https:\/\/www.cnbb.org.br\/cnbb-app\/wp\/v2\/media\/17534"}],"wp:attachment":[{"href":"https:\/\/www.cnbb.org.br\/cnbb-app\/wp\/v2\/media?parent=17533"}],"wp:term":[{"taxonomy":"category","embeddable":true,"href":"https:\/\/www.cnbb.org.br\/cnbb-app\/wp\/v2\/categories?post=17533"},{"taxonomy":"post_tag","embeddable":true,"href":"https:\/\/www.cnbb.org.br\/cnbb-app\/wp\/v2\/tags?post=17533"}],"curies":[{"name":"wp","href":"https:\/\/api.w.org\/{rel}","templated":true}]}}