{"id":17543,"date":"2012-04-28T00:00:00","date_gmt":"2012-04-28T03:00:00","guid":{"rendered":"https:\/\/www.cnbb.org.br\/mensagem-do-cardeal-dom-odilo-scherer-para-o-clero-por-ocasiao-do-domingo-do-bom-pastor\/"},"modified":"2012-04-28T00:00:00","modified_gmt":"2012-04-28T03:00:00","slug":"mensagem-do-cardeal-dom-odilo-scherer-para-o-clero-por-ocasiao-do-domingo-do-bom-pastor","status":"publish","type":"post","link":"https:\/\/www.cnbb.org.br\/mensagem-do-cardeal-dom-odilo-scherer-para-o-clero-por-ocasiao-do-domingo-do-bom-pastor\/","title":{"rendered":"Mensagem do cardeal dom Odilo Scherer para o clero por ocasi\u00e3o do Domingo do Bom Pastor"},"content":{"rendered":"<p style=\"text-align: right\"><strong><span style=\"font-size: 12pt\">Cardeal Odilo Pedro Scherer<br \/>Arcebispo de S\u00e3o Paulo (SP)<\/span><\/strong><\/p>\n<p style=\"text-align: justify\">Escrevo-lhes hoje, para saud\u00e1-los com muito afeto e em vista da celebra\u00e7\u00e3o do Domingo do Bom Pastor, no pr\u00f3ximo dia 29 de abril. Jesus \u00e9 o Pastor Bom, que deu a vida pelas ovelhas com sua santa humanidade, sua vida, paix\u00e3o, morte e ressurrei\u00e7\u00e3o. Todos n\u00f3s somos uma ovelha amada por Ele, com amor infinito! A P\u00e1scoa nos lembra que ele, Pastor Bom, deixou-se fazer \u201ccordeiro imolado\u201d por nossos pecados; abriu-nos as portas do \u201credil\u201d da vida eterna com sua ressurrei\u00e7\u00e3o e nos convida a seguir atr\u00e1s dele, seguros de que, por ele, com ele e nele, temos vida nova, desde agora, e teremos vida eterna na Casa do Pai.<\/p>\n<p>  <!--more-->  <\/p>\n<p style=\"text-align: justify\">O Domingo do Bom Pastor lembra que tamb\u00e9m n\u00f3s, sacerdotes, fomos chamados por voca\u00e7\u00e3o sagrada e gra\u00e7a especial de Deus, a sermos ministros\/servidores do Bom Pastor para nossos irm\u00e3os. Neste domingo, cada um coloque-se diante de sua par\u00f3quia e diante da Arquidiocese, como um todo, olhe para o povo, ame seu povo e tenha no cora\u00e7\u00e3o os mesmos sentimentos do cora\u00e7\u00e3o do Pastor Bom; olhemos para todas as pessoas com amor compassivo e misericordioso; s\u00e3o ovelhas do rebanho do Senhor Jesus, confiadas aos nossos cuidados. Demos a elas o melhor de n\u00f3s mesmos, como faria o pr\u00f3prio Pastor Bom.<\/p>\n<p style=\"text-align: justify\">Se j\u00e1 consagramos nossa vida para servir o Senhor e seu povo, pensemos naquilo que podemos fazer ainda, para que todas as ovelhas, recebam de n\u00f3s os cuidados que lhes daria o Pastor Bom sobretudo as famintas e sedentas, machucadas e extraviadas, as fr\u00e1geis, doentes e pequeninas. N\u00f3s n\u00e3o somos donos do rebanho mas, ministros do Pastor Bom. E tenhamos a certeza de que, entre as ovelhas do Bom Pastor, ter\u00e3o especial miseric\u00f3rdia aquelas que aceitaram servir o rebanho do Pastor Bom!<\/p>\n<p style=\"text-align: justify\">Este Domingo \u00e9 consagrado em todo o mundo \u00e0 ora\u00e7\u00e3o pelas voca\u00e7\u00f5es sacerdotais; pe\u00e7o que se reze intensamente, e n\u00e3o apenas neste domingo, pelas voca\u00e7\u00f5es em nossas par\u00f3quias. Seria belo introduzir o costume de, ap\u00f3s a comunh\u00e3o ou antes da b\u00ean\u00e7\u00e3o final, em cada missa dominical, rezar sempre com o povo, como Jesus ensinou: \u201cenviai, Senhor, oper\u00e1rios para a vossa messe, pois a messe \u00e9 grande e os oper\u00e1rios s\u00e3o poucos!\u201d<\/p>\n<p style=\"text-align: justify\">Em nossa Arquidiocese, temos a necessidade de intensificar a pastoral das voca\u00e7\u00f5es e pe\u00e7o que cada padre seja o primeiro a faz\u00ea-lo. Cada par\u00f3quia precisa se preocupar em ter voca\u00e7\u00f5es, seminaristas, candidatos \u00e0 Vida Consagrada&#8230; Al\u00e9m de ser sinal de vitalidade e de maturidade crist\u00e3 da Comunidade de f\u00e9, isso tamb\u00e9m \u00e9 essencial para a vida e a miss\u00e3o da Igreja; cada padre sinta profunda alegria, ao encaminhar boas voca\u00e7\u00f5es para a forma\u00e7\u00e3o nos diversos estados de vida e carismas da Igreja, e ainda mais, para o sacerd\u00f3cio.<\/p>\n<p style=\"text-align: justify\">Em anexo, envio-lhes a Mensagem do Papa Bento XVI para este Domingo do Bom Pastor. Pe\u00e7o que a leiam e tamb\u00e9m divulguem em suas par\u00f3quias, quer na homilia, quer pela internet e outros meios. Neste domingo, dia 29 de abril, pe\u00e7o uma ora\u00e7\u00e3o especial tamb\u00e9m por mim, que estou completando 5 anos \u00e0 frente da Arquidiocese de S\u00e3o Paulo. Celebrarei \u00e0s 19h00, na Capela S\u00e3o Jos\u00e9 Oper\u00e1rio, na favela da Vila Prudente. Se algu\u00e9m quiser\/puder unir-se a mim, ficarei muito feliz.<\/p>\n<p style=\"text-align: justify\">Desejo incentivar, mais uma vez, todas as par\u00f3quias para participarem de nossa 111\u00b0. Romaria Arquidiocesana a Aparecida, no Domingo, 6 de maio. A Missa da Arquidiocese ser\u00e1 \u00e0s 10h00 no Santu\u00e1rio Nacional. Incentivem o povo a participar da Romaria.<\/p>\n<p style=\"text-align: justify\">Da mesma forma, convido a preparar o povo a participar da celebra\u00e7\u00e3o arquidiocesana de Corpus Christi, no dia 7 de junho, com a prociss\u00e3o iniciando \u00e0s 9h00, na igreja de S.Ifig\u00eania e concluindo com a celebra\u00e7\u00e3o da Missa pelas 11h00, na Pra\u00e7a da S\u00e9. Para tanto, pe\u00e7o que os eventos paroquiais (Missas e eventuais prociss\u00f5es) sejam organizados somente na tarde do dia 7, festa de Corpus Christi). Tenho a certeza de que ser\u00e1 marcante e recordaremos 0 70\u00ba anivers\u00e1rio do Congresso Eucar\u00edstico Nacional, de S\u00e3o Paulo, realizado em 1942, e no suniremos ao Congresso Eucar\u00edstico Internacional deste ano, que ser\u00e1 realizado em Dublin, Irlanda, de 10 a 17 de junho. Tem muita facilidade de chegar pelo metr\u00f4 (S\u00e9, S.Bento, Anhangaba\u00fa, Luz, Rep\u00fablica&#8230;).<\/p>\n<p style=\"text-align: justify\">Conclu\u00edda a 50\u00b0. Assembleia Geral da CNBB, estou de volta, nas atividades na nossa querida Arquidiocese. Espero que tenham acompanhado algo sobre a 50a. Assembleia, realizada em Aparecida, de 18 a 26 deste m\u00eas. Foi muito boa, fraterna, densa de trabalhos e, creio, produtiva. Lembramos os 60 anos de cria\u00e7\u00e3o da CNBB, as 50 Assembleias Gerais j\u00e1 realizadas, e que deixaram marcas profundas na vida da Igreja no Brasil.<\/p>\n<p style=\"text-align: justify\">Tamb\u00e9m abrimos as comemora\u00e7\u00f5es do 50\u00ba anivers\u00e1rio do Conc\u00edlio Ecum\u00eanico Vaticano II, que se estender\u00e3o, no Brasil, por 4 anos. Teremos muito a tratar sobre isso, daqui por diante, para reviver a \u201calma\u201d do Conc\u00edlio, com muitas iniciativas tamb\u00e9m em nossa Arquidiocese, nas par\u00f3quias, comunidades e diversas organiza\u00e7\u00f5es eclesiais. Teremos, sobretudo, o Ano da F\u00e9, que o Papa abrir\u00e1 em outubro deste ano, para viver o anivers\u00e1rio do Conc\u00edlio e do Catecismo da Igreja Cat\u00f3lica (20 anos), como grandes dons de Deus \u00e0 Igreja. Vamos, sobretudo, colocar-nos novamente \u00e0 escuta daquilo que o Esp\u00edrito Santo diz hoje \u00e0 Igreja, atrav\u00e9s do Conc\u00edlio Vaticano II e de seus desdobramentos.<\/p>\n<p style=\"text-align: justify\">Durante a 50\u00b0. Assembleia Geral tamb\u00e9m aprovamos um Documento pastoral para que a Palavra de Deus esteja sempre mais no centro da vida da Igreja e de todos os crist\u00e3os. Vai chamar-se \u2013 \u201cDisc\u00edpulos e servidores da Palavra de Deus na miss\u00e3o da Igreja\u201d \u2013 um texto breve e bem pr\u00e1tico, indicando pistas e iniciativas para que toda a nossa vida crist\u00e3 e eclesial seja motivada, embasada, iluminiada e orientada pela Palavra de Deus.<\/p>\n<p style=\"text-align: justify\">Muitas outras decis\u00f5es ainda foram tomadas durante a Assembleia Geral; ente elas, tamb\u00e9m um gesto de partilha entre as dioceses: todas elas colocar\u00e3o numa caixa comum o correspondente a 1% de sua arrecada\u00e7\u00e3o mensal bruta, para que as dioceses mais pobres do Brasil possam ser apoiadas na forma\u00e7\u00e3o dos seus seminaristas. Houve tamb\u00e9m uma mensagem sobre as elei\u00e7\u00f5es municipais. No site da CNBB (www.cnbb.org.br) encontrar\u00e3o as infroma\u00e7\u00f5es sobre os trabalhos e decis\u00f5es da Assembleia Geral.<\/p>\n<p style=\"text-align: justify\">Rezo por voc\u00eas todos os dias. Deus os aben\u00e7oe e torne muito fecundo seu minist\u00e9rio! O ap\u00f3stolo S\u00e3o Paulo inteceda por n\u00f3s todos!<\/p>\n","protected":false},"excerpt":{"rendered":"<p>Cardeal Odilo Pedro SchererArcebispo de S\u00e3o Paulo (SP) Escrevo-lhes hoje, para saud\u00e1-los com muito afeto e em vista da celebra\u00e7\u00e3o do Domingo do Bom Pastor, no pr\u00f3ximo dia 29 de abril. Jesus \u00e9 o Pastor Bom, que deu a vida pelas ovelhas com sua santa humanidade, sua vida, paix\u00e3o, morte e ressurrei\u00e7\u00e3o. Todos n\u00f3s somos &hellip;<\/p>\n<p class=\"read-more\"> <a class=\"\" href=\"https:\/\/www.cnbb.org.br\/mensagem-do-cardeal-dom-odilo-scherer-para-o-clero-por-ocasiao-do-domingo-do-bom-pastor\/\"> <span class=\"screen-reader-text\">Mensagem do cardeal dom Odilo Scherer para o clero por ocasi\u00e3o do Domingo do Bom Pastor<\/span> Leia mais &raquo;<\/a><\/p>\n","protected":false},"author":83,"featured_media":0,"comment_status":"open","ping_status":"open","sticky":false,"template":"","format":"standard","meta":{"site-sidebar-layout":"default","site-content-layout":"default","ast-global-header-display":"","ast-banner-title-visibility":"","ast-main-header-display":"","ast-hfb-above-header-display":"","ast-hfb-below-header-display":"","ast-hfb-mobile-header-display":"","site-post-title":"","ast-breadcrumbs-content":"","ast-featured-img":"","footer-sml-layout":"","theme-transparent-header-meta":"","adv-header-id-meta":"","stick-header-meta":"","header-above-stick-meta":"","header-main-stick-meta":"","header-below-stick-meta":""},"categories":[841],"tags":[],"acf":[],"_links":{"self":[{"href":"https:\/\/www.cnbb.org.br\/cnbb-app\/wp\/v2\/posts\/17543"}],"collection":[{"href":"https:\/\/www.cnbb.org.br\/cnbb-app\/wp\/v2\/posts"}],"about":[{"href":"https:\/\/www.cnbb.org.br\/cnbb-app\/wp\/v2\/types\/post"}],"author":[{"embeddable":true,"href":"https:\/\/www.cnbb.org.br\/cnbb-app\/wp\/v2\/users\/83"}],"replies":[{"embeddable":true,"href":"https:\/\/www.cnbb.org.br\/cnbb-app\/wp\/v2\/comments?post=17543"}],"version-history":[{"count":0,"href":"https:\/\/www.cnbb.org.br\/cnbb-app\/wp\/v2\/posts\/17543\/revisions"}],"wp:attachment":[{"href":"https:\/\/www.cnbb.org.br\/cnbb-app\/wp\/v2\/media?parent=17543"}],"wp:term":[{"taxonomy":"category","embeddable":true,"href":"https:\/\/www.cnbb.org.br\/cnbb-app\/wp\/v2\/categories?post=17543"},{"taxonomy":"post_tag","embeddable":true,"href":"https:\/\/www.cnbb.org.br\/cnbb-app\/wp\/v2\/tags?post=17543"}],"curies":[{"name":"wp","href":"https:\/\/api.w.org\/{rel}","templated":true}]}}