{"id":17569,"date":"2012-07-23T00:00:00","date_gmt":"2012-07-23T03:00:00","guid":{"rendered":"https:\/\/www.cnbb.org.br\/arcebispo-que-participou-de-todas-as-sessoes-do-concilio-vaticano-ii-completa-96-anos\/"},"modified":"2012-07-23T00:00:00","modified_gmt":"2012-07-23T03:00:00","slug":"arcebispo-que-participou-de-todas-as-sessoes-do-concilio-vaticano-ii-completa-96-anos","status":"publish","type":"post","link":"https:\/\/www.cnbb.org.br\/arcebispo-que-participou-de-todas-as-sessoes-do-concilio-vaticano-ii-completa-96-anos\/","title":{"rendered":"Arcebispo que participou de todas as sess\u00f5es do Conc\u00edlio Vaticano II completa 96 anos"},"content":{"rendered":"<p style=\"text-align: justify\">Na pr\u00f3xima quinta-feira (26) o primeiro Arcebispo de Maring\u00e1 (PR), dom Jaime Luiz Coelho, completar\u00e1 96 anos. Por ocasi\u00e3o da data, dom Jaime ir\u00e1 presidir santa missa \u00e0s 18h no audit\u00f3rio da TV 3\u00ba Mil\u00eanio, que fica na Pra\u00e7a Pio XII (Pra\u00e7a das Antenas, zona 5). Durante a celebra\u00e7\u00e3o haver\u00e1 apresenta\u00e7\u00e3o da Orquestra da Pontif\u00edcia Universidade Cat\u00f3lica (PUCPR) e do Coral Infantojuvenil Arquidiocesano de Maring\u00e1.<\/p>\n<p>  <!--more-->  <\/p>\n<p style=\"text-align: justify\">O Arcebispo de Maring\u00e1, dom Anuar Battisti, parabeniza dom Jaime ressaltando o legado que o primeiro arcebispo conseguiu estabelecer na Arquidiocese: \u201cQuase um s\u00e9culo de vida doada para o bem de cada pessoa e para o bem da Igreja que nasceu da mata. Atualmente contemplamos uma Igreja viva, din\u00e2mica, comprometida com o Reino da paz, da justi\u00e7a e da fraternidade gra\u00e7as ao trabalho iniciado por dom Jaime\u201d.<\/p>\n<p style=\"text-align: justify\">Uma das marcas de dom Jaime Luiz Coelho foi a participa\u00e7\u00e3o dele em todas as sess\u00f5es do Conc\u00edlio Vaticano II, inaugurado h\u00e1 50 anos, em 1962 pelo Papa Jo\u00e3o XXIII.<\/p>\n<p style=\"text-align: justify\">Ao comentar sobre o assunto dom Jaime relembra momentos importantes do evento que mudou a hist\u00f3ria da Igreja:\u00a0 \u201cEu frequentei as quatro sess\u00f5es, de 1962 at\u00e9 1965. Era um dos bispos mais jovens e l\u00e1. Naquele tempo n\u00f3s \u00e9ramos quase dois mil bispos do mundo inteiro. Hoje somos mais de quatro mil. E aquela reuni\u00e3o dos bispos, cada um dando o seu voto nas sess\u00f5es de decis\u00e3o. Todos contribu\u00edam com o melhor de si a favor do crescimento da Igreja. \u00c9ramos uma assembleia de bispos jovens, bispos idosos, mas ali estava a Igreja de Deus reunida na busca de implantar, como dizia o papa Jo\u00e3o XXIII, \u2018um novo ar na Igreja de Deus\u2019.\u201d<\/p>\n<p style=\"text-align: justify\">Em Maring\u00e1, dom Jaime \u00e9 reconhecido pela fundamental contribui\u00e7\u00e3o com o desenvolvimento pastoral da igreja e tamb\u00e9m com o desenvolvimento da sociedade. Entre as in\u00fameras obras e interven\u00e7\u00f5es de dom Jaime, h\u00e1 que se destacar a cria\u00e7\u00e3o da primeira faculdade da cidade, que depois se tornou a Universidade Estadual de Maring\u00e1 (UEM).<\/p>\n<p style=\"text-align: justify\">Como reconhecimento pela participa\u00e7\u00e3o de dom Jaime no in\u00edcio do ensino superior em Maring\u00e1, a UEM concedeu-lhe em 1980 o t\u00edtulo de Professor Honoris Causa. Foi o primeiro t\u00edtulo de Professor Honoris Causa concedido pela UEM, reconhecida hoje como uma das melhores universidades do Brasil.<\/p>\n","protected":false},"excerpt":{"rendered":"<p>Na pr\u00f3xima quinta-feira (26) o primeiro Arcebispo de Maring\u00e1 (PR), dom Jaime Luiz Coelho, completar\u00e1 96 anos. Por ocasi\u00e3o da data, dom Jaime ir\u00e1 presidir santa missa \u00e0s 18h no audit\u00f3rio da TV 3\u00ba Mil\u00eanio, que fica na Pra\u00e7a Pio XII (Pra\u00e7a das Antenas, zona 5). Durante a celebra\u00e7\u00e3o haver\u00e1 apresenta\u00e7\u00e3o da Orquestra da Pontif\u00edcia &hellip;<\/p>\n<p class=\"read-more\"> <a class=\"\" href=\"https:\/\/www.cnbb.org.br\/arcebispo-que-participou-de-todas-as-sessoes-do-concilio-vaticano-ii-completa-96-anos\/\"> <span class=\"screen-reader-text\">Arcebispo que participou de todas as sess\u00f5es do Conc\u00edlio Vaticano II completa 96 anos<\/span> Leia mais &raquo;<\/a><\/p>\n","protected":false},"author":83,"featured_media":17570,"comment_status":"open","ping_status":"open","sticky":false,"template":"","format":"standard","meta":{"site-sidebar-layout":"default","site-content-layout":"default","ast-global-header-display":"","ast-banner-title-visibility":"","ast-main-header-display":"","ast-hfb-above-header-display":"","ast-hfb-below-header-display":"","ast-hfb-mobile-header-display":"","site-post-title":"","ast-breadcrumbs-content":"","ast-featured-img":"","footer-sml-layout":"","theme-transparent-header-meta":"","adv-header-id-meta":"","stick-header-meta":"","header-above-stick-meta":"","header-main-stick-meta":"","header-below-stick-meta":""},"categories":[841],"tags":[],"acf":[],"_links":{"self":[{"href":"https:\/\/www.cnbb.org.br\/cnbb-app\/wp\/v2\/posts\/17569"}],"collection":[{"href":"https:\/\/www.cnbb.org.br\/cnbb-app\/wp\/v2\/posts"}],"about":[{"href":"https:\/\/www.cnbb.org.br\/cnbb-app\/wp\/v2\/types\/post"}],"author":[{"embeddable":true,"href":"https:\/\/www.cnbb.org.br\/cnbb-app\/wp\/v2\/users\/83"}],"replies":[{"embeddable":true,"href":"https:\/\/www.cnbb.org.br\/cnbb-app\/wp\/v2\/comments?post=17569"}],"version-history":[{"count":0,"href":"https:\/\/www.cnbb.org.br\/cnbb-app\/wp\/v2\/posts\/17569\/revisions"}],"wp:featuredmedia":[{"embeddable":true,"href":"https:\/\/www.cnbb.org.br\/cnbb-app\/wp\/v2\/media\/17570"}],"wp:attachment":[{"href":"https:\/\/www.cnbb.org.br\/cnbb-app\/wp\/v2\/media?parent=17569"}],"wp:term":[{"taxonomy":"category","embeddable":true,"href":"https:\/\/www.cnbb.org.br\/cnbb-app\/wp\/v2\/categories?post=17569"},{"taxonomy":"post_tag","embeddable":true,"href":"https:\/\/www.cnbb.org.br\/cnbb-app\/wp\/v2\/tags?post=17569"}],"curies":[{"name":"wp","href":"https:\/\/api.w.org\/{rel}","templated":true}]}}