{"id":17575,"date":"2012-08-15T00:00:00","date_gmt":"2012-08-15T03:00:00","guid":{"rendered":"https:\/\/www.cnbb.org.br\/cnbb-homenageia-personalidades-que-contribuiram-para-difundir-valores-cristaos\/"},"modified":"2012-08-15T00:00:00","modified_gmt":"2012-08-15T03:00:00","slug":"cnbb-homenageia-personalidades-que-contribuiram-para-difundir-valores-cristaos","status":"publish","type":"post","link":"https:\/\/www.cnbb.org.br\/cnbb-homenageia-personalidades-que-contribuiram-para-difundir-valores-cristaos\/","title":{"rendered":"CNBB homenageia personalidades que contribu\u00edram para difundir valores crist\u00e3os"},"content":{"rendered":"<p style=\"text-align: justify\">Nesta ter\u00e7a-feira, 14 de agosto, Renato Arag\u00e3o, Ra\u00ed, Roberto Carlos, Ana Maria Braga, Zilda Arns e Irm\u00e3 Dulce foram os homenageados pela Confer\u00eancia Nacional dos Bispos do Brasil (CNBB), por contribu\u00edrem para difundir valores crist\u00e3os atrav\u00e9s de suas a\u00e7\u00f5es.<\/p>\n<p>  <!--more-->  <\/p>\n<p style=\"text-align: justify\">O arcebispo de Aparecida (SP) e presidente da CNBB, cardeal Raymundo Damasceno, abriu a cerim\u00f4nia e, junto ao secret\u00e1rio geral, dom Leonardo Steiner e ao arcebispo de S\u00e3o Paulo, dom Odilo Scherer, entregou esculturas em forma de asas de anjos para os homenageados.<\/p>\n<p style=\"text-align: justify\">Emocionado, Renato Arag\u00e3o disse que ficou surpreso e lisonjeado ao receber o convite do padre Valdeir Goulart, diretor geral das Edi\u00e7\u00f5es CNBB. O evento ainda marcou o lan\u00e7amento do projeto Anjinhos do Brasil, uma plataforma multim\u00eddia de evangeliza\u00e7\u00e3o para crian\u00e7as de dois a oito anos de idade, que tem o objetivo de ensinar os valores da religi\u00e3o de maneira divertida na fase que vai do batismo at\u00e9 a primeira comunh\u00e3o.<\/p>\n","protected":false},"excerpt":{"rendered":"<p>Nesta ter\u00e7a-feira, 14 de agosto, Renato Arag\u00e3o, Ra\u00ed, Roberto Carlos, Ana Maria Braga, Zilda Arns e Irm\u00e3 Dulce foram os homenageados pela Confer\u00eancia Nacional dos Bispos do Brasil (CNBB), por contribu\u00edrem para difundir valores crist\u00e3os atrav\u00e9s de suas a\u00e7\u00f5es.<\/p>\n","protected":false},"author":83,"featured_media":17576,"comment_status":"open","ping_status":"open","sticky":false,"template":"","format":"standard","meta":{"site-sidebar-layout":"default","site-content-layout":"default","ast-global-header-display":"","ast-banner-title-visibility":"","ast-main-header-display":"","ast-hfb-above-header-display":"","ast-hfb-below-header-display":"","ast-hfb-mobile-header-display":"","site-post-title":"","ast-breadcrumbs-content":"","ast-featured-img":"","footer-sml-layout":"","theme-transparent-header-meta":"","adv-header-id-meta":"","stick-header-meta":"","header-above-stick-meta":"","header-main-stick-meta":"","header-below-stick-meta":""},"categories":[841],"tags":[],"acf":[],"_links":{"self":[{"href":"https:\/\/www.cnbb.org.br\/cnbb-app\/wp\/v2\/posts\/17575"}],"collection":[{"href":"https:\/\/www.cnbb.org.br\/cnbb-app\/wp\/v2\/posts"}],"about":[{"href":"https:\/\/www.cnbb.org.br\/cnbb-app\/wp\/v2\/types\/post"}],"author":[{"embeddable":true,"href":"https:\/\/www.cnbb.org.br\/cnbb-app\/wp\/v2\/users\/83"}],"replies":[{"embeddable":true,"href":"https:\/\/www.cnbb.org.br\/cnbb-app\/wp\/v2\/comments?post=17575"}],"version-history":[{"count":0,"href":"https:\/\/www.cnbb.org.br\/cnbb-app\/wp\/v2\/posts\/17575\/revisions"}],"wp:featuredmedia":[{"embeddable":true,"href":"https:\/\/www.cnbb.org.br\/cnbb-app\/wp\/v2\/media\/17576"}],"wp:attachment":[{"href":"https:\/\/www.cnbb.org.br\/cnbb-app\/wp\/v2\/media?parent=17575"}],"wp:term":[{"taxonomy":"category","embeddable":true,"href":"https:\/\/www.cnbb.org.br\/cnbb-app\/wp\/v2\/categories?post=17575"},{"taxonomy":"post_tag","embeddable":true,"href":"https:\/\/www.cnbb.org.br\/cnbb-app\/wp\/v2\/tags?post=17575"}],"curies":[{"name":"wp","href":"https:\/\/api.w.org\/{rel}","templated":true}]}}