{"id":17582,"date":"2012-08-27T00:00:00","date_gmt":"2012-08-27T03:00:00","guid":{"rendered":"https:\/\/www.cnbb.org.br\/itesc-comemora-40-anos-e-promove-congresso-teologico\/"},"modified":"2012-08-27T00:00:00","modified_gmt":"2012-08-27T03:00:00","slug":"itesc-comemora-40-anos-e-promove-congresso-teologico","status":"publish","type":"post","link":"https:\/\/www.cnbb.org.br\/itesc-comemora-40-anos-e-promove-congresso-teologico\/","title":{"rendered":"ITESC comemora 40 anos e promove Congresso Teol\u00f3gico"},"content":{"rendered":"<div style=\"text-align: justify\">A celebra\u00e7\u00e3o dos 40 anos do Instituto Teol\u00f3gico de Santa Catarina (ITESC), com sede em Florian\u00f3polis (SC) ser\u00e1 marcada com uma s\u00e9rie de atividades. Dentre elas, o Congresso Teol\u00f3gico com o tema CONC\u00cdLIO VATICANO II \u2013 mem\u00f3rias e perspectivas, de 3 a 6 de setembro. A programa\u00e7\u00e3o inclui ainda a apresenta\u00e7\u00e3o teatral &#8220;O CONTESTADO&#8221; \u2013 com o grupo UNOESC sobre os 100 anos do Contestado, no teatro Pedro Ivo Campos, tamb\u00e9m no dia 06. A Missa de A\u00e7\u00e3o de Gra\u00e7as e Almo\u00e7o de Confraterniza\u00e7\u00e3o dos ex-alunos, acontecer\u00e1 em outubro.<\/div>\n<div style=\"text-align: justify\"><\/div>\n<p>  <!--more-->  <\/p>\n<div style=\"text-align: justify\">Em sua exist\u00eancia, o ITESC adquiriu reconhecimento regional e nacional com seu curso de teologia. Na esteira do Instituto, foi criada a Faculdade Cat\u00f3lica de Santa Catarina (FACASC), credenciada pelo MEC este ano. As entidades s\u00e3o mantidas Uma Funda\u00e7\u00e3o Jaime de Barros C\u00e2mara, que tamb\u00e9m \u00e9 a respons\u00e1vel pelo Semin\u00e1rio Filos\u00f3fico de Santa Catarina, com sede em Brusque (SC).<\/p>\n<p>As informa\u00e7\u00f5es sobre como fazer a inscri\u00e7\u00e3o no Congresso Teol\u00f3gico podem ser obtidas no endere\u00e7o<a href=\"http:\/\/www.itesc.org.br\" target=\"_blank\" rel=\"noopener\"> www.itesc.org.br<\/a> ou pelo telefone (48) 3234.0400.<\/p>\n<p>Confira a Programa\u00e7\u00e3o do ITESC 40 anos:<\/p>\n<p><strong>Dia 3 de setembro (segunda-feira)<\/strong><br \/>08h \u2013 Confer\u00eancia: Da <em>Apostolicam Actuositatem<\/em> aos minist\u00e9rios leigos &#8211; (Dra. Maria Clara Bingemer)<br \/>20h\u2013 Reflex\u00e3o Tem\u00e1tica:<em> Lumen Gentium<\/em> \u2013 Pilar Eclesiol\u00f3gico do Conc\u00edlio Vaticano II &#8211;\u00a0 (Pe. Vitor Galdino Feller)<\/p>\n<p><strong>Dia 4 de setembro (ter\u00e7a-feira)<\/strong><br \/>08h &#8211; Confer\u00eancia: 50 anos do Conc\u00edlio Vaticano II &#8211;\u00a0 Esperan\u00e7as e Desafios &#8211; (Dom Luiz Dem\u00e9trio Valentin, Bispo de Jales \u2013 SP)<br \/>20h &#8211;\u00a0 Confer\u00eancia: Igreja, Sociedade e Juventude &#8211;\u00a0\u00a0 (Pe. Jo\u00e3o Batista Lib\u00e2nio, SJ)<\/p>\n<p><strong>Dia 5 de setembro (quarta-feira)<\/strong><br \/>08h \u2013 Confer\u00eancia: Forma\u00e7\u00e3o Presbiteral na Igreja Atual &#8211;\u00a0 (Pe. Jo\u00e3o Batista Lib\u00e2nio, SJ)<br \/>20h &#8211; Confer\u00eancia: 40 Anos da Caminhada do ITESC &#8211;\u00a0 (Pe. Jos\u00e9 Artulino Besen)<\/p>\n<p><strong>Dia 6 de setembro (quinta-feira)<\/strong><br \/>08h \u2013 Confer\u00eancia: <em>Gaudium et Spes<\/em> \u2013 Pilar Teol\u00f3gico-Pastoral do Conc\u00edlio Vaticano II &#8211; (Dr. Daniel Ramada Piendibene \u2013 Embaixador do Uruguai junto \u00e0 Santa S\u00e9)<br \/>20h &#8211; Apresenta\u00e7\u00e3o Teatral \u201cO CONTESTADO\u201d, no Teatro Pedro Ivo Campos &#8211;\u00a0 (Grupo TOCA de Teatro Universit\u00e1rio, da UNOESC &#8211; Joa\u00e7aba \u2013 SC)<\/div>\n","protected":false},"excerpt":{"rendered":"<p>A celebra\u00e7\u00e3o dos 40 anos do Instituto Teol\u00f3gico de Santa Catarina (ITESC), com sede em Florian\u00f3polis (SC) ser\u00e1 marcada com uma s\u00e9rie de atividades. Dentre elas, o Congresso Teol\u00f3gico com o tema CONC\u00cdLIO VATICANO II \u2013 mem\u00f3rias e perspectivas, de 3 a 6 de setembro. A programa\u00e7\u00e3o inclui ainda a apresenta\u00e7\u00e3o teatral &#8220;O CONTESTADO&#8221; \u2013 &hellip;<\/p>\n<p class=\"read-more\"> <a class=\"\" href=\"https:\/\/www.cnbb.org.br\/itesc-comemora-40-anos-e-promove-congresso-teologico\/\"> <span class=\"screen-reader-text\">ITESC comemora 40 anos e promove Congresso Teol\u00f3gico<\/span> Leia mais &raquo;<\/a><\/p>\n","protected":false},"author":83,"featured_media":17583,"comment_status":"open","ping_status":"open","sticky":false,"template":"","format":"standard","meta":{"site-sidebar-layout":"default","site-content-layout":"default","ast-global-header-display":"","ast-banner-title-visibility":"","ast-main-header-display":"","ast-hfb-above-header-display":"","ast-hfb-below-header-display":"","ast-hfb-mobile-header-display":"","site-post-title":"","ast-breadcrumbs-content":"","ast-featured-img":"","footer-sml-layout":"","theme-transparent-header-meta":"","adv-header-id-meta":"","stick-header-meta":"","header-above-stick-meta":"","header-main-stick-meta":"","header-below-stick-meta":""},"categories":[841],"tags":[],"acf":[],"_links":{"self":[{"href":"https:\/\/www.cnbb.org.br\/cnbb-app\/wp\/v2\/posts\/17582"}],"collection":[{"href":"https:\/\/www.cnbb.org.br\/cnbb-app\/wp\/v2\/posts"}],"about":[{"href":"https:\/\/www.cnbb.org.br\/cnbb-app\/wp\/v2\/types\/post"}],"author":[{"embeddable":true,"href":"https:\/\/www.cnbb.org.br\/cnbb-app\/wp\/v2\/users\/83"}],"replies":[{"embeddable":true,"href":"https:\/\/www.cnbb.org.br\/cnbb-app\/wp\/v2\/comments?post=17582"}],"version-history":[{"count":0,"href":"https:\/\/www.cnbb.org.br\/cnbb-app\/wp\/v2\/posts\/17582\/revisions"}],"wp:featuredmedia":[{"embeddable":true,"href":"https:\/\/www.cnbb.org.br\/cnbb-app\/wp\/v2\/media\/17583"}],"wp:attachment":[{"href":"https:\/\/www.cnbb.org.br\/cnbb-app\/wp\/v2\/media?parent=17582"}],"wp:term":[{"taxonomy":"category","embeddable":true,"href":"https:\/\/www.cnbb.org.br\/cnbb-app\/wp\/v2\/categories?post=17582"},{"taxonomy":"post_tag","embeddable":true,"href":"https:\/\/www.cnbb.org.br\/cnbb-app\/wp\/v2\/tags?post=17582"}],"curies":[{"name":"wp","href":"https:\/\/api.w.org\/{rel}","templated":true}]}}