{"id":17594,"date":"2012-10-09T00:00:00","date_gmt":"2012-10-09T03:00:00","guid":{"rendered":"https:\/\/www.cnbb.org.br\/participacao-brasileira-no-sinodo\/"},"modified":"2012-10-09T00:00:00","modified_gmt":"2012-10-09T03:00:00","slug":"participacao-brasileira-no-sinodo","status":"publish","type":"post","link":"https:\/\/www.cnbb.org.br\/participacao-brasileira-no-sinodo\/","title":{"rendered":"Participa\u00e7\u00e3o brasileira no S\u00ednodo"},"content":{"rendered":"<p style=\"text-align: justify\"><span id=\"content2\" style=\"color: #282828;text-align: justify;font-size: 12px;line-height: 150%\">Dom Leonardo Steiner, secret\u00e1rio geral da CNBB, destaca a missionariedade, no esp\u00edrito de Aparecida; a import\u00e2ncia da<\/span><span id=\"content2\" style=\"color: #282828;text-align: justify;font-size: 12px;line-height: 150%\"> Palavra  de Deus nas comunidades e fam\u00edlias; e enfim, a Igreja, comunidade de  comunidades foram temas levados pelos bispos do Brasil\u00a0 \u00e0 XIII Assembleia Geral ordin\u00e1ria do S\u00ednodo dos Bispos, em  andamento no Vaticano. <\/span><\/p>\n<p style=\"text-align: justify\"><span style=\"color: #282828;text-align: justify;font-size: 12px;line-height: 150%\"> <\/span><\/p>\n<p>  <!--more-->  <\/p>\n<p style=\"text-align: justify\"><span id=\"content2\" style=\"color: #282828;text-align: justify;font-size: 12px;line-height: 150%\"> <\/span><\/p>\n<p style=\"text-align: justify\"><span id=\"content2\" style=\"color: #282828;text-align: justify;font-size: 12px;line-height: 150%\">Dom Leonardo Ulrich Steiner, OFM, bispo  auxiliar de Bras\u00edlia, \u00e9 Secret\u00e1rio-Geral da CNBB, e um dos eleitos pelo  episcopado brasileiro para vir ao Vaticano como padre sinodal. Ele  antecipou \u00e0 R\u00e1dio Vaticano os temas sugeridos no Conselho Episcopal realizado na  \u00faltima semana, em Bras\u00edlia.<\/span><\/p>\n<p style=\"text-align: justify\"><span id=\"content2\" style=\"color: #282828;text-align: justify;font-size: 12px;line-height: 150%\"> <\/span><\/p>\n<p style=\"text-align: justify\"><span id=\"content2\" style=\"color: #282828;text-align: justify;font-size: 12px;line-height: 150%\">\u201c<strong>N\u00f3s gostar\u00edamos de abordar o que  temos refletido nas nossas diretrizes gerais da a\u00e7\u00e3o evangelizadora,  retomando o esp\u00edrito de Aparecida sobre a missionariedade. Todo batizado  e toda batizada deve ser mission\u00e1rio e mission\u00e1ria. Depois, a  import\u00e2ncia da inicia\u00e7\u00e3o \u00e0 vida crist\u00e3, que \u00e9 fundamental: n\u00e3o apenas  uma inicia\u00e7\u00e3o \u00e0 vida sacramental, mas a vida inteira iniciada na vida de  Jesus Cristo; e a import\u00e2ncia da Palavra de Deus. Acabamos de retomar  numa discuss\u00e3o, numa reflex\u00e3o que fizemos no Conselho de Pastoral com a  contribui\u00e7\u00e3o dos representantes de nosso episcopado levar ao S\u00ednodo; a  import\u00e2ncia da Palavra de Deus na vida de nossas comunidades, nas  fam\u00edlias e na vida pessoal tamb\u00e9m. Outro elemento muito refletido que  levamos ao S\u00ednodo \u00e9 a Igreja comunidade de comunidades: estarmos mais  presentes como Igreja na periferia, sendo comunidades menores, onde as  pessoas possam se sentir mais acolhidas&#8230; estarmos mais no meio do  povo; irmos ao encontro das pessoas. Finalmente tamb\u00e9m, no contexto de  nossas diretrizes, a import\u00e2ncia de que o Evangelho pervada todas as  estruturas e realidades. N\u00f3s somos anunciadores de uma vida plena&#8230;  portanto, a quest\u00e3o da presen\u00e7a do Evangelho na vida da pol\u00edtica, da  cultura, dos direitos humanos; e a quest\u00e3o de levarmos \u00e0 s\u00e9rio o cuidado  pelos pobres\u201d.<\/strong><\/span><\/p>\n","protected":false},"excerpt":{"rendered":"<p>Dom Leonardo Steiner, secret\u00e1rio geral da CNBB, destaca a missionariedade, no esp\u00edrito de Aparecida; a import\u00e2ncia da Palavra de Deus nas comunidades e fam\u00edlias; e enfim, a Igreja, comunidade de comunidades foram temas levados pelos bispos do Brasil\u00a0 \u00e0 XIII Assembleia Geral ordin\u00e1ria do S\u00ednodo dos Bispos, em andamento no Vaticano.<\/p>\n","protected":false},"author":83,"featured_media":3482,"comment_status":"open","ping_status":"open","sticky":false,"template":"","format":"standard","meta":{"site-sidebar-layout":"default","site-content-layout":"default","ast-global-header-display":"","ast-banner-title-visibility":"","ast-main-header-display":"","ast-hfb-above-header-display":"","ast-hfb-below-header-display":"","ast-hfb-mobile-header-display":"","site-post-title":"","ast-breadcrumbs-content":"","ast-featured-img":"","footer-sml-layout":"","theme-transparent-header-meta":"","adv-header-id-meta":"","stick-header-meta":"","header-above-stick-meta":"","header-main-stick-meta":"","header-below-stick-meta":""},"categories":[841],"tags":[],"acf":[],"_links":{"self":[{"href":"https:\/\/www.cnbb.org.br\/cnbb-app\/wp\/v2\/posts\/17594"}],"collection":[{"href":"https:\/\/www.cnbb.org.br\/cnbb-app\/wp\/v2\/posts"}],"about":[{"href":"https:\/\/www.cnbb.org.br\/cnbb-app\/wp\/v2\/types\/post"}],"author":[{"embeddable":true,"href":"https:\/\/www.cnbb.org.br\/cnbb-app\/wp\/v2\/users\/83"}],"replies":[{"embeddable":true,"href":"https:\/\/www.cnbb.org.br\/cnbb-app\/wp\/v2\/comments?post=17594"}],"version-history":[{"count":0,"href":"https:\/\/www.cnbb.org.br\/cnbb-app\/wp\/v2\/posts\/17594\/revisions"}],"wp:featuredmedia":[{"embeddable":true,"href":"https:\/\/www.cnbb.org.br\/cnbb-app\/wp\/v2\/media\/3482"}],"wp:attachment":[{"href":"https:\/\/www.cnbb.org.br\/cnbb-app\/wp\/v2\/media?parent=17594"}],"wp:term":[{"taxonomy":"category","embeddable":true,"href":"https:\/\/www.cnbb.org.br\/cnbb-app\/wp\/v2\/categories?post=17594"},{"taxonomy":"post_tag","embeddable":true,"href":"https:\/\/www.cnbb.org.br\/cnbb-app\/wp\/v2\/tags?post=17594"}],"curies":[{"name":"wp","href":"https:\/\/api.w.org\/{rel}","templated":true}]}}