{"id":17598,"date":"2012-10-10T00:00:00","date_gmt":"2012-10-10T03:00:00","guid":{"rendered":"https:\/\/www.cnbb.org.br\/ano-da-fe-sera-aberto-no-brasil-na-festa-da-padroeira\/"},"modified":"2012-10-10T00:00:00","modified_gmt":"2012-10-10T03:00:00","slug":"ano-da-fe-sera-aberto-no-brasil-na-festa-da-padroeira","status":"publish","type":"post","link":"https:\/\/www.cnbb.org.br\/ano-da-fe-sera-aberto-no-brasil-na-festa-da-padroeira\/","title":{"rendered":"Cardeal Hummes abre o Ano da F\u00e9 em Aparecida"},"content":{"rendered":"<div style=\"text-align: justify\">O Ano da F\u00e9, que foi oficialmente aberto pelo Papa Bento XVI em Roma nesta quinta-feira, ter\u00e1 tamb\u00e9m um marco oficial na Igreja do Brasil nesta sexta-feira, 12 de outubro, data em que se comemora a Padroeira do Brasil, Nossa Senhora Aparecida. A abertura se dar\u00e1 durante a missa solene da festa no Santu\u00e1rio Nacional, \u00e0s 10h, que tem a presid\u00eancia do Cardeal Arcebispo Em\u00e9rito de S\u00e3o Paulo, Dom Cl\u00e1udio Hummes.<\/div>\n<div style=\"text-align: justify\"><\/div>\n<p>  <!--more-->  <\/p>\n<div style=\"text-align: justify\">A presid\u00eancia da Confer\u00eancia Nacional dos Bispos do Brasil (CNBB) convidou Dom Claudio para presidir a Celebra\u00e7\u00e3o Eucar\u00edstica porque o Cardeal Arcebispo de Aparecida e presidente da CNBB, Dom Raymundo Damasceno Assis, est\u00e1 em Roma onde participa da abertura a convite do papa. <\/p>\n<p>Dom Damasceno explicou que esta n\u00e3o \u00e9 a primeira vez em que o Papa proclama um Ano da F\u00e9. \u201cO Papa Paulo VI, que \u00e9 hoje venerado como Servo de Deus, proclamou tamb\u00e9m o Ano da F\u00e9 em 1967\u201d. <\/p>\n<p>O presidente da CNBB ressaltou ainda que Bento XVI, na Carta Apost\u00f3lica Porta fidei (Porta da F\u00e9), recorda a beleza e a centralidade da f\u00e9 a n\u00edvel pessoal e comunit\u00e1rio e faz\u00ea-lo em uma dimens\u00e3o mission\u00e1ria. <\/p>\n<p>\u201cPrecisamos fazer com que a beleza e a centralidade da f\u00e9 cheguem at\u00e9 as pessoas que n\u00e3o conhecem Jesus Cristo e tamb\u00e9m na \u00f3tica da nova evangeliza\u00e7\u00e3o, isto \u00e9, fazer com que as pessoas que foram evangelizadas, mas que se esqueceram de Jesus recuperem a sua f\u00e9 e retornem a vida da comunidade\u201d, acrescentou o Cardeal.<\/p>\n<p>Dom Damasceno refor\u00e7ou que o Ano da F\u00e9 deve ser um momento para propor a leitura dos documentos do Conc\u00edlio Vaticano II e aprofundar a sua reflex\u00e3o para encontrar uma luz para nos guiar como crist\u00e3os no mundo de hoje.<\/p>\n<p>\u201cPortanto, a renova\u00e7\u00e3o da f\u00e9 deve ser prioridade, um compromisso de toda a Igreja nos nossos dias\u201d, acrescentou.<\/p><\/div>\n","protected":false},"excerpt":{"rendered":"<p>O Ano da F\u00e9, que foi oficialmente aberto pelo Papa Bento XVI em Roma nesta quinta-feira, ter\u00e1 tamb\u00e9m um marco oficial na Igreja do Brasil nesta sexta-feira, 12 de outubro, data em que se comemora a Padroeira do Brasil, Nossa Senhora Aparecida. A abertura se dar\u00e1 durante a missa solene da festa no Santu\u00e1rio Nacional, &hellip;<\/p>\n<p class=\"read-more\"> <a class=\"\" href=\"https:\/\/www.cnbb.org.br\/ano-da-fe-sera-aberto-no-brasil-na-festa-da-padroeira\/\"> <span class=\"screen-reader-text\">Cardeal Hummes abre o Ano da F\u00e9 em Aparecida<\/span> Leia mais &raquo;<\/a><\/p>\n","protected":false},"author":83,"featured_media":17316,"comment_status":"open","ping_status":"open","sticky":false,"template":"","format":"standard","meta":{"site-sidebar-layout":"default","site-content-layout":"default","ast-global-header-display":"","ast-banner-title-visibility":"","ast-main-header-display":"","ast-hfb-above-header-display":"","ast-hfb-below-header-display":"","ast-hfb-mobile-header-display":"","site-post-title":"","ast-breadcrumbs-content":"","ast-featured-img":"","footer-sml-layout":"","theme-transparent-header-meta":"","adv-header-id-meta":"","stick-header-meta":"","header-above-stick-meta":"","header-main-stick-meta":"","header-below-stick-meta":""},"categories":[841],"tags":[],"acf":[],"_links":{"self":[{"href":"https:\/\/www.cnbb.org.br\/cnbb-app\/wp\/v2\/posts\/17598"}],"collection":[{"href":"https:\/\/www.cnbb.org.br\/cnbb-app\/wp\/v2\/posts"}],"about":[{"href":"https:\/\/www.cnbb.org.br\/cnbb-app\/wp\/v2\/types\/post"}],"author":[{"embeddable":true,"href":"https:\/\/www.cnbb.org.br\/cnbb-app\/wp\/v2\/users\/83"}],"replies":[{"embeddable":true,"href":"https:\/\/www.cnbb.org.br\/cnbb-app\/wp\/v2\/comments?post=17598"}],"version-history":[{"count":0,"href":"https:\/\/www.cnbb.org.br\/cnbb-app\/wp\/v2\/posts\/17598\/revisions"}],"wp:featuredmedia":[{"embeddable":true,"href":"https:\/\/www.cnbb.org.br\/cnbb-app\/wp\/v2\/media\/17316"}],"wp:attachment":[{"href":"https:\/\/www.cnbb.org.br\/cnbb-app\/wp\/v2\/media?parent=17598"}],"wp:term":[{"taxonomy":"category","embeddable":true,"href":"https:\/\/www.cnbb.org.br\/cnbb-app\/wp\/v2\/categories?post=17598"},{"taxonomy":"post_tag","embeddable":true,"href":"https:\/\/www.cnbb.org.br\/cnbb-app\/wp\/v2\/tags?post=17598"}],"curies":[{"name":"wp","href":"https:\/\/api.w.org\/{rel}","templated":true}]}}