{"id":17599,"date":"2012-10-11T00:00:00","date_gmt":"2012-10-11T03:00:00","guid":{"rendered":"https:\/\/www.cnbb.org.br\/cardeal-odilo-scherer-comenta-os-trabalhos-do-sinodo\/"},"modified":"2012-10-11T00:00:00","modified_gmt":"2012-10-11T03:00:00","slug":"cardeal-odilo-scherer-comenta-os-trabalhos-do-sinodo","status":"publish","type":"post","link":"https:\/\/www.cnbb.org.br\/cardeal-odilo-scherer-comenta-os-trabalhos-do-sinodo\/","title":{"rendered":"Cardeal Odilo Scherer comenta os trabalhos do S\u00ednodo"},"content":{"rendered":"<p style=\"text-align: justify\">Terceiro dia dos trabalhos do S\u00ednodo sobre a nova evangeliza\u00e7\u00e3o, em andamento no Vaticano. Na manh\u00e3 de quarta-feira, os trabalhos foram em c\u00edrculos menores. Sobre o andamento dos trabalhos em exclusiva para a R\u00e1dio Vaticano falou o arcebispo de S\u00e3o Paulo, cardeal Odilo Pedro Scherer.<\/p>\n<p>  <!--more-->  <\/p>\n<p style=\"text-align: justify\"><strong>\u201cEstamos ainda no terceiro dia, de fato, tivemos apenas um dia de reflex\u00e3o com o grupo de participantes, portanto estamos muito no in\u00edcio ainda, mas \u00e9 claro que o tema do S\u00ednodo \u2013 Nova Evangeliza\u00e7\u00e3o para Transmiss\u00e3o da F\u00e9 \u2013 consiste em dois polos: a nova evangeliza\u00e7\u00e3o enquanto um processo de evangeliza\u00e7\u00e3o que precisa ser retomado, precisa ser feito sempre, precisa ser feito agora diante de situa\u00e7\u00f5es novas, num contexto novo, com possivelmente motiva\u00e7\u00f5es de linguagens novas, mas , enfim, a Evangeliza\u00e7\u00e3o \u00e9 a tarefa permanente da Igreja. Me parece que a tomada de consci\u00eancia mais importante, neste momento, \u00e9 que a nova Evangeliza\u00e7\u00e3o de fato \u00e9 Evangelizar de novo. \u00c9 esquecer o pressuposto de que j\u00e1 foi feito uma vez, porque a Evangeliza\u00e7\u00e3o nunca est\u00e1 completa, nunca \u00e9 um processo conclu\u00eddo, mas \u00e9 um processo sempre em andamento. Por outro lado, at\u00e9 mesmo pessoas j\u00e1 Evangelizadas precisam ser novamente Evangelizadas ao longo de toda a vida. Ent\u00e3o, esta \u00e9 a primeira constata\u00e7\u00e3o. Nova Evangeliza\u00e7\u00e3o significa de fato Evangeliza\u00e7\u00e3o. Arrega\u00e7ar as mangas e fazer Evangeliza\u00e7\u00e3o. Isso requer talvez mudan\u00e7as, Convers\u00e3o Pastoral como se disse em Aparecida e aqui j\u00e1 come\u00e7ou a ser dito v\u00e1rias vezes, por v\u00e1rias vozes. Convers\u00e3o Pastoral que signifique uma convers\u00e3o mission\u00e1ria que signifique de fato que a Igreja se assuma mission\u00e1ria em tudo que ela \u00e9 e faz, e, portanto, passe de uma Pastoral do que j\u00e1 tem e passe para uma Pastoral de miss\u00e3o, indo ao encontro, procurando \u00e0queles que n\u00e3o vem, procurando \u00e0queles que n\u00e3o foram contactados. Este \u00e9 um primeiro aspecto. Por outro lado, aparecem acenos a uma necessidade e a uma melhor forma\u00e7\u00e3o do clero, pressuposto b\u00e1sico para renova\u00e7\u00e3o da vida da Igreja. Depois, uma aten\u00e7\u00e3o muito especial aos mist\u00e9rios da f\u00e9 que a Igreja celebra na liturgia e que alimentam a f\u00e9 e que atraem para Deus, porque a Igreja n\u00e3o \u00e9 auto-fundante, mas sim obra do Esp\u00edrito Santo, portanto tamb\u00e9m \u00e9 um mist\u00e9rio da f\u00e9, e por isso mesmo, aquilo que ela \u00e9 ou aquilo que ela prega, n\u00e3o vem dela mesma, mas vem justamente do autor da f\u00e9, que \u00e9 Jesus Cristo e o Esp\u00edrito Santo que desperta a f\u00e9 e faz animar a f\u00e9, portanto, uma aten\u00e7\u00e3o maior justamente \u00e0quilo que s\u00e3o os mist\u00e9rios da f\u00e9, que s\u00e3o os sacramentos, que \u00e9 a Liturgia, a palavra de Deus pregada e apresentada de maneira convincente, testemunhal, atenta, amorosa, alegre. Essas coisas est\u00e3o aparecendo pelas muitas vozes que v\u00e3o sendo levantadas no S\u00ednodo atrav\u00e9s das palavras e dos depoimentos dos membros do S\u00ednodo que v\u00e3o falando. Portanto, o que posso dizer \u00e9 que o primeiro dia de depoimentos dos membros do S\u00ednodo \u00e9 que a Igreja precisa voltar-se, n\u00e3o sobre si, mas para as suas bases. Precisa partir de novo para seus pressupostos e n\u00e3o entender-se demasiadamente como uma organiza\u00e7\u00e3o que tem uma efic\u00e1cia por si mesmo, por suas estruturas, organiza\u00e7\u00e3o, m\u00e9todos, planos. Tudo isso \u00e9 bom, tudo isso \u00e9 necess\u00e1rio, mas n\u00e3o \u00e9 s\u00f3 isso que produz o efeito da Igreja, ainda, por si s\u00f3. O que produz o efeito do trabalho da Igreja \u00e9, de fato, a Gra\u00e7a de Deus, em fun\u00e7\u00e3o da qual n\u00f3s estamos trabalhando\u201d.<\/strong><\/p>\n","protected":false},"excerpt":{"rendered":"<p>Terceiro dia dos trabalhos do S\u00ednodo sobre a nova evangeliza\u00e7\u00e3o, em andamento no Vaticano. Na manh\u00e3 de quarta-feira, os trabalhos foram em c\u00edrculos menores. Sobre o andamento dos trabalhos em exclusiva para a R\u00e1dio Vaticano falou o arcebispo de S\u00e3o Paulo, cardeal Odilo Pedro Scherer.<\/p>\n","protected":false},"author":83,"featured_media":17600,"comment_status":"open","ping_status":"open","sticky":false,"template":"","format":"standard","meta":{"site-sidebar-layout":"default","site-content-layout":"default","ast-global-header-display":"","ast-banner-title-visibility":"","ast-main-header-display":"","ast-hfb-above-header-display":"","ast-hfb-below-header-display":"","ast-hfb-mobile-header-display":"","site-post-title":"","ast-breadcrumbs-content":"","ast-featured-img":"","footer-sml-layout":"","theme-transparent-header-meta":"","adv-header-id-meta":"","stick-header-meta":"","header-above-stick-meta":"","header-main-stick-meta":"","header-below-stick-meta":""},"categories":[841],"tags":[],"acf":[],"_links":{"self":[{"href":"https:\/\/www.cnbb.org.br\/cnbb-app\/wp\/v2\/posts\/17599"}],"collection":[{"href":"https:\/\/www.cnbb.org.br\/cnbb-app\/wp\/v2\/posts"}],"about":[{"href":"https:\/\/www.cnbb.org.br\/cnbb-app\/wp\/v2\/types\/post"}],"author":[{"embeddable":true,"href":"https:\/\/www.cnbb.org.br\/cnbb-app\/wp\/v2\/users\/83"}],"replies":[{"embeddable":true,"href":"https:\/\/www.cnbb.org.br\/cnbb-app\/wp\/v2\/comments?post=17599"}],"version-history":[{"count":0,"href":"https:\/\/www.cnbb.org.br\/cnbb-app\/wp\/v2\/posts\/17599\/revisions"}],"wp:featuredmedia":[{"embeddable":true,"href":"https:\/\/www.cnbb.org.br\/cnbb-app\/wp\/v2\/media\/17600"}],"wp:attachment":[{"href":"https:\/\/www.cnbb.org.br\/cnbb-app\/wp\/v2\/media?parent=17599"}],"wp:term":[{"taxonomy":"category","embeddable":true,"href":"https:\/\/www.cnbb.org.br\/cnbb-app\/wp\/v2\/categories?post=17599"},{"taxonomy":"post_tag","embeddable":true,"href":"https:\/\/www.cnbb.org.br\/cnbb-app\/wp\/v2\/tags?post=17599"}],"curies":[{"name":"wp","href":"https:\/\/api.w.org\/{rel}","templated":true}]}}